{"id":1930,"date":"2019-05-29T12:01:48","date_gmt":"2019-05-29T10:01:48","guid":{"rendered":"https:\/\/www.mitsubishielectric.es\/aire-acondicionado\/?p=1930"},"modified":"2025-06-17T16:22:16","modified_gmt":"2025-06-17T14:22:16","slug":"golf-day-exclusivo-con-miguel-angel-jimenez","status":"publish","type":"post","link":"https:\/\/www.mitsubishielectric.es\/aire-acondicionado\/actualidad\/golf-day-exclusivo-con-miguel-angel-jimenez\/","title":{"rendered":"Golf Day exclusivo con Miguel \u00c1ngel Jim\u00e9nez"},"content":{"rendered":"<p><strong>Madrid, 29 de mayo de 2019<\/strong>. Hoy ha tenido lugar en las instalaciones del Real Club La Moraleja en Madrid un Golf Day exclusivo organizado por la firma Mitsubishi Electric que ha contado con la presencia excepcional del golfista espa\u00f1ol Miguel \u00c1ngel Jim\u00e9nez, embajador global de la marca.<\/p>\n<p>El golfista, ganador en la pasada temporada del Regions Tradition y su primer Open Senior en St. Andrews, ha destacado en 2019 con su primera victoria en el PGA Tour Champions en el Chubb Classic en Estados Unidos del que, adem\u00e1s, ha sido siete veces campe\u00f3n a lo largo de su carrera.<\/p>\n<p>Con \u00e9l, la empresa l\u00edder mundial del sector de Climatizaci\u00f3n ha querido celebrar una jornada especial, a la que se han sumado representantes de algunas de sus entidades colaboradoras, que han podido disfrutar de un clinic magistral y de un torneo donde han podido poner en pr\u00e1ctica todos los consejos del golfista.<\/p>\n<p>En palabras de Pedro Ruiz, director general de Mitsubishi Electric Living Environment System: \u201cMiguel \u00c1ngel Jim\u00e9nez constituye una figura imprescindible en el deporte nacional e internacional y para nosotros es un honor poder contar con \u00e9l por segundo a\u00f1o consecutivo. Su visi\u00f3n del trabajo, el esfuerzo y la superaci\u00f3n son valores que en Mitsubishi Electric tenemos muy presentes, y nos enorgullece enormemente que comparta con nosotros la experiencia de toda su trayectoria profesional\u201d.<\/p>\n<p>Por su parte, Miguel \u00c1ngel Jim\u00e9nez, afirm\u00f3:<\/p>\n<blockquote><p>Mitsubishi Electric es una empresa que destaca por su compromiso con su entorno y la sociedad, por eso estoy encantado de estar aqu\u00ed hoy. Acabo de llegar de Nueva York, de un campo realmente duro, pero quienes me conocen y siguen mi trayectoria saben que siempre intento dar lo mejor de m\u00ed y mostrar mi mejor versi\u00f3n en el campo. El trabajo en equipo y dar lo mejor de uno mismo son rasgos fundamentales en el deporte y s\u00e9 que la firma los hace suyos en su d\u00eda a d\u00eda, con sus empleados y clientes\u201d.<\/p><\/blockquote>\n<p><strong>Sobre Mitsubishi Electric<\/strong><\/p>\n<p>Mitsubishi Electric es l\u00edder mundial en desarrollo y producci\u00f3n de dispositivos el\u00e9ctricos y electr\u00f3nicos utilizados en procesos de informaci\u00f3n y comunicaciones, as\u00ed como en el sat\u00e9lite. La firma, que cumplir\u00e1 su 100 Aniversario en 2021, es un referente mundial en productos de climatizaci\u00f3n, electr\u00f3nica de consumo, tecnolog\u00eda industrial, energ\u00eda, transporte y la fabricaci\u00f3n de equipos.<\/p>\n","protected":false},"excerpt":{"rendered":"<p>Madrid, 29 de mayo de 2019. Hoy ha tenido lugar en las instalaciones del Real Club La Moraleja en Madrid un Golf Day exclusivo organizado por la firma Mitsubishi Electric que ha contado con la presencia excepcional del golfista espa\u00f1ol Miguel \u00c1ngel Jim\u00e9nez, embajador global de la marca. El golfista, ganador en la pasada temporada&#8230;  <a href=\"https:\/\/www.mitsubishielectric.es\/aire-acondicionado\/actualidad\/golf-day-exclusivo-con-miguel-angel-jimenez\/\" title=\"Leer Golf Day exclusivo con Miguel \u00c1ngel Jim\u00e9nez\">Leer m\u00e1s &raquo;<\/a><\/p>\n","protected":false},"author":2,"featured_media":1980,"comment_status":"closed","ping_status":"closed","sticky":false,"template":"","format":"standard","meta":{"_acf_changed":false,"footnotes":""},"categories":[769],"tags":[],"class_list":["post-1930","post","type-post","status-publish","format-standard","has-post-thumbnail","hentry","category-actualidad"],"acf":[],"_links":{"self":[{"href":"https:\/\/www.mitsubishielectric.es\/aire-acondicionado\/wp-json\/wp\/v2\/posts\/1930","targetHints":{"allow":["GET"]}}],"collection":[{"href":"https:\/\/www.mitsubishielectric.es\/aire-acondicionado\/wp-json\/wp\/v2\/posts"}],"about":[{"href":"https:\/\/www.mitsubishielectric.es\/aire-acondicionado\/wp-json\/wp\/v2\/types\/post"}],"author":[{"embeddable":true,"href":"https:\/\/www.mitsubishielectric.es\/aire-acondicionado\/wp-json\/wp\/v2\/users\/2"}],"replies":[{"embeddable":true,"href":"https:\/\/www.mitsubishielectric.es\/aire-acondicionado\/wp-json\/wp\/v2\/comments?post=1930"}],"version-history":[{"count":0,"href":"https:\/\/www.mitsubishielectric.es\/aire-acondicionado\/wp-json\/wp\/v2\/posts\/1930\/revisions"}],"wp:featuredmedia":[{"embeddable":true,"href":"https:\/\/www.mitsubishielectric.es\/aire-acondicionado\/wp-json\/wp\/v2\/media\/1980"}],"wp:attachment":[{"href":"https:\/\/www.mitsubishielectric.es\/aire-acondicionado\/wp-json\/wp\/v2\/media?parent=1930"}],"wp:term":[{"taxonomy":"category","embeddable":true,"href":"https:\/\/www.mitsubishielectric.es\/aire-acondicionado\/wp-json\/wp\/v2\/categories?post=1930"},{"taxonomy":"post_tag","embeddable":true,"href":"https:\/\/www.mitsubishielectric.es\/aire-acondicionado\/wp-json\/wp\/v2\/tags?post=1930"}],"curies":[{"name":"wp","href":"https:\/\/api.w.org\/{rel}","templated":true}]}}