{"id":1933,"date":"2019-05-10T12:04:27","date_gmt":"2019-05-10T10:04:27","guid":{"rendered":"https:\/\/www.mitsubishielectric.es\/aire-acondicionado\/?p=1933"},"modified":"2025-06-17T16:22:16","modified_gmt":"2025-06-17T14:22:16","slug":"la-villa-sa-ferradura-la-torre-glories-y-la-casa-de-cultura-blanca-danjou-reciben-el-titulo-de-los-edificios-mas-eficientes-de-espana","status":"publish","type":"post","link":"https:\/\/www.mitsubishielectric.es\/aire-acondicionado\/actualidad\/la-villa-sa-ferradura-la-torre-glories-y-la-casa-de-cultura-blanca-danjou-reciben-el-titulo-de-los-edificios-mas-eficientes-de-espana\/","title":{"rendered":"La villa Sa Ferradura, la Torre Gl\u00f3ries y la Casa de Cultura Blanca d\u2019Anjou reciben el t\u00edtulo de \u201cLos edificios m\u00e1s eficientes de Espa\u00f1a\u201d"},"content":{"rendered":"<p><strong><img loading=\"lazy\" decoding=\"async\" class=\" wp-image-1935 alignright\" src=\"https:\/\/www.mitsubishielectric.es\/aire-acondicionado\/wp-content\/uploads\/2019\/07\/Logo-Tres-Diamantes-5-ed-640x338.jpg\" alt=\"\" width=\"320\" height=\"169\" \/>Los Premios 3 Diamantes organizados por Mitsubishi Electric, que alcanzan su 5\u00aa edici\u00f3n, suponen un reconocimiento al trabajo de los profesionales de toda Espa\u00f1a que buscan implantar medidas de ahorro energ\u00e9tico.<\/strong><\/p>\n<p><strong>Madrid, 10 de mayo de 2019<\/strong>. Ayer tuvo lugar en Madrid, en la Real Academia de Bellas Artes de San Fernando, la celebraci\u00f3n de la <strong>5\u00aa Edici\u00f3n de los Premios 3 Diamantes, una cita imprescindible en materia energ\u00e9tica y de eficiencia que cada a\u00f1o organiza Mitsubishi Electric<\/strong>, este a\u00f1o en colaboraci\u00f3n con Grupo V\u00eda, en reconocimiento de las mejores pr\u00e1cticas del sector de \u00e1mbito nacional en materia de eficiencia energ\u00e9tica, dise\u00f1o y m\u00e1xima innovaci\u00f3n incorporadas por los profesionales de la climatizaci\u00f3n en sus proyectos, en particular en las instalaciones de climatizaci\u00f3n.<\/p>\n<p>El gran protagonista de este a\u00f1o, entre los 42 proyectos presentados, y que se ha alzado con el <strong>Premio 3 Diamantes, con una dotaci\u00f3n de 20.000 euros<\/strong> por su excelente nivel de eficiencia, dise\u00f1o e innovaci\u00f3n, ha sido la villa <strong>\u201cSa Ferradura\u201d, en Ibiza, de AIA Instalaciones Arquitect\u00f3nicas<\/strong>.<\/p>\n<p>En segundo lugar, clasificado como <strong>finalista ORO, con una dotaci\u00f3n de 10.000 euros, se encuentra la Torre Gl\u00f3ries<\/strong>, uno de los edificios m\u00e1s emblem\u00e1ticos de Barcelona anteriormente conocido como Torre Agbar, <strong>del grupo Ingenibo<\/strong>\u200e; y seguida en tercera posici\u00f3n,<strong> como finalista PLATA y 5.000 euros, la Casa de Cultura Blanca d\u2019Anjou de Tarragona, realizado por Quadrifoli<\/strong>.<\/p>\n<p><img loading=\"lazy\" decoding=\"async\" class=\" wp-image-1936 alignleft\" src=\"https:\/\/www.mitsubishielectric.es\/aire-acondicionado\/wp-content\/uploads\/2019\/07\/Son_Vida_Proyectos_Illes_Quinto-puesto-640x324.png\" alt=\"\" width=\"520\" height=\"263\" \/>Adem\u00e1s de los tres ganadores, el concurso ha valorado la labor de otros dos edificios, reconocidos con <strong>el cuarto y quinto puesto respectivamente: el Edificio NZEB Mendillori de Navarra, a manos de Naven Ingenieros, y la Vivienda Unifamiliar Son Vida en Mallorca, realizado por Proyectos Illes<\/strong>.<\/p>\n<p>Entre los m\u00e1s de 250 asistentes, se encontraban <strong>Atsushi Kayamoto<\/strong>, Managing Director Head of Spain &amp; Portugal, The Bank of Mitsubishi UFJ, <strong>Makoto Hattori<\/strong>, Presidente de Mitsubishi Corporation Espa\u00f1a; <strong>Masami Kusano<\/strong>, Presidente de Mitsubishi Electric Europe Sucursal Espa\u00f1a y Portugal, y el <strong>Director General de Mitsubishi Electric Living Environment System, Pedro Ruiz<\/strong>.<\/p>\n<p><strong>Durante su intervenci\u00f3n, el Sr. Ruiz afirm\u00f3<\/strong>:<\/p>\n<blockquote><p>La Responsabilidad Social Corporativa forma parte del ADN de Mitsubishi Electric como tambi\u00e9n forma parte de nuestro ADN la innovaci\u00f3n en el desarrollo de producto con el objetivo fundamental de m\u00e1xima eficiencia y ahorro energ\u00e9tico. Los premios 3 Diamantes surgen como resultado de la combinaci\u00f3n de ambos valores: RSC e innovaci\u00f3n. En Mitsubishi Electric somos muy ambiciosos en lo que a eficacia energ\u00e9tica se refiere, y por ello queremos reconocer a la labor que llevan a cabo los profesionales del sector de la climatizaci\u00f3n a la hora de dise\u00f1ar proyectos de refrigeraci\u00f3n, climatizaci\u00f3n y aire acondicionado en a la m\u00e1xima eficiencia y sostenibilidad.<\/p><\/blockquote>\n<p><strong>El sector de la climatizaci\u00f3n es una de las \u00e1reas de mayor potencial de ahorro energ\u00e9tico del pa\u00eds<\/strong><\/p>\n<p><strong>El nuevo plan energ\u00e9tico de la Comisi\u00f3n Europea que marca como objetivo crecer un 40% en los niveles de eficiencia energ\u00e9tica en 2030<\/strong>. De hecho, la apuesta de Bruselas implica tambi\u00e9n aumentar los esfuerzos en la modernizaci\u00f3n de los edificios, que representan el 40% del consumo total de energ\u00eda en Europa. En Espa\u00f1a destaca la Ley de Cambio Clim\u00e1tico y Transici\u00f3n Energ\u00e9tica, puesta sobre la mesa y que deber\u00e1 ir de la mano de esta nueva normativa comunitaria.<\/p>\n<p><strong>En este contexto, resulta vital la promoci\u00f3n de la eficiencia energ\u00e9tica en este sector<\/strong>, y es por ello que el objetivo espec\u00edfico del presente concurso es impulsar y reconocer el trabajo de los profesionales en su labor en el dise\u00f1o, redacci\u00f3n y especificaci\u00f3n de proyectos de refrigeraci\u00f3n, climatizaci\u00f3n, aire acondicionado y producci\u00f3n de ACS en Espa\u00f1a que favorezcan el ahorro energ\u00e9tico, un desarrollo sostenible, la reducci\u00f3n del impacto medioambiental en sus proyectos y todas aquellas inversiones dirigidas a una disminuci\u00f3n de los costes energ\u00e9ticos.<\/p>\n<p><strong>Sobre Mitsubishi Electric<\/strong><\/p>\n<p>Mitsubishi Electric es l\u00edder mundial en desarrollo y producci\u00f3n de dispositivos el\u00e9ctricos y electr\u00f3nicos utilizados en procesos de informaci\u00f3n y comunicaciones, as\u00ed como en el sat\u00e9lite. La firma, que cumplir\u00e1 su 100 Aniversario en 2021, es un referente mundial en productos de climatizaci\u00f3n, electr\u00f3nica de consumo, tecnolog\u00eda industrial, energ\u00eda, transporte y la fabricaci\u00f3n de equipos.<\/p>\n","protected":false},"excerpt":{"rendered":"<p>Los Premios 3 Diamantes organizados por Mitsubishi Electric, que alcanzan su 5\u00aa edici\u00f3n, suponen un reconocimiento al trabajo de los profesionales de toda Espa\u00f1a que buscan implantar medidas de ahorro energ\u00e9tico. Madrid, 10 de mayo de 2019. Ayer tuvo lugar en Madrid, en la Real Academia de Bellas Artes de San Fernando, la celebraci\u00f3n de&#8230;  <a href=\"https:\/\/www.mitsubishielectric.es\/aire-acondicionado\/actualidad\/la-villa-sa-ferradura-la-torre-glories-y-la-casa-de-cultura-blanca-danjou-reciben-el-titulo-de-los-edificios-mas-eficientes-de-espana\/\" title=\"Leer La villa Sa Ferradura, la Torre Gl\u00f3ries y la Casa de Cultura Blanca d\u2019Anjou reciben el t\u00edtulo de \u201cLos edificios m\u00e1s eficientes de Espa\u00f1a\u201d\">Leer m\u00e1s &raquo;<\/a><\/p>\n","protected":false},"author":2,"featured_media":1934,"comment_status":"closed","ping_status":"closed","sticky":false,"template":"","format":"standard","meta":{"_acf_changed":false,"footnotes":""},"categories":[769],"tags":[],"class_list":["post-1933","post","type-post","status-publish","format-standard","has-post-thumbnail","hentry","category-actualidad"],"acf":[],"_links":{"self":[{"href":"https:\/\/www.mitsubishielectric.es\/aire-acondicionado\/wp-json\/wp\/v2\/posts\/1933","targetHints":{"allow":["GET"]}}],"collection":[{"href":"https:\/\/www.mitsubishielectric.es\/aire-acondicionado\/wp-json\/wp\/v2\/posts"}],"about":[{"href":"https:\/\/www.mitsubishielectric.es\/aire-acondicionado\/wp-json\/wp\/v2\/types\/post"}],"author":[{"embeddable":true,"href":"https:\/\/www.mitsubishielectric.es\/aire-acondicionado\/wp-json\/wp\/v2\/users\/2"}],"replies":[{"embeddable":true,"href":"https:\/\/www.mitsubishielectric.es\/aire-acondicionado\/wp-json\/wp\/v2\/comments?post=1933"}],"version-history":[{"count":0,"href":"https:\/\/www.mitsubishielectric.es\/aire-acondicionado\/wp-json\/wp\/v2\/posts\/1933\/revisions"}],"wp:featuredmedia":[{"embeddable":true,"href":"https:\/\/www.mitsubishielectric.es\/aire-acondicionado\/wp-json\/wp\/v2\/media\/1934"}],"wp:attachment":[{"href":"https:\/\/www.mitsubishielectric.es\/aire-acondicionado\/wp-json\/wp\/v2\/media?parent=1933"}],"wp:term":[{"taxonomy":"category","embeddable":true,"href":"https:\/\/www.mitsubishielectric.es\/aire-acondicionado\/wp-json\/wp\/v2\/categories?post=1933"},{"taxonomy":"post_tag","embeddable":true,"href":"https:\/\/www.mitsubishielectric.es\/aire-acondicionado\/wp-json\/wp\/v2\/tags?post=1933"}],"curies":[{"name":"wp","href":"https:\/\/api.w.org\/{rel}","templated":true}]}}