{"id":1954,"date":"2019-04-02T12:31:49","date_gmt":"2019-04-02T10:31:49","guid":{"rendered":"https:\/\/www.mitsubishielectric.es\/aire-acondicionado\/?p=1954"},"modified":"2025-06-17T16:22:18","modified_gmt":"2025-06-17T14:22:18","slug":"mitsubishi-electric-comprometido-con-el-fomento-de-la-formacion-profesional-entre-los-mas-jovenes","status":"publish","type":"post","link":"https:\/\/www.mitsubishielectric.es\/aire-acondicionado\/actualidad\/mitsubishi-electric-comprometido-con-el-fomento-de-la-formacion-profesional-entre-los-mas-jovenes\/","title":{"rendered":"Mitsubishi Electric, comprometido con el fomento de la Formaci\u00f3n Profesional entre los m\u00e1s j\u00f3venes"},"content":{"rendered":"<p><strong>La firma ha sido uno de los principales patrocinadores de este evento promovido por el Ministerio de Educaci\u00f3n, Cultura y Deporte, que se celebra cada dos a\u00f1os con el objetivo de promocionar los estudios de Formaci\u00f3n Profesional<\/strong>.<\/p>\n<p><strong>Madrid, 2 abril de 2019<\/strong>. La empresa l\u00edder del sector del aire acondicionado y la climatizaci\u00f3n, <strong>Mitsubishi Electric<\/strong> Europe B. V. Sucursal en Espa\u00f1a, ha sido un a\u00f1o m\u00e1s uno de los principales colaboradores en las <strong>Olimipiadas Nacionales Spain Skills<\/strong>, celebradas en el recinto ferial IFEMA de Madrid, la semana pasada, entre el 25 y el 31 de marzo.<\/p>\n<p>El evento est\u00e1 promovido por el Ministerio de Educaci\u00f3n Cultura y Deporte con el objetivo fundamental de dar una mayor visibilidad a la Formaci\u00f3n Profesional entre los j\u00f3venes. Estas competiciones de destrezas constituyen un valioso instrumento divulgativo de la Formaci\u00f3n Profesional y un medio para estimular a estudiantes, profesorado y empresas, adem\u00e1s de una plataforma de intercambio y un foro de debate sobre de la evoluci\u00f3n de los est\u00e1ndares profesionales, la calidad y la innovaci\u00f3n en los diferentes sectores productivos.<\/p>\n<p>Concretamente, <strong>Mitsubishi Electric<\/strong> tuvo especial presencia como patrocinador en la competici\u00f3n de la especialidad de Aire Acondicionado-Refrigeraci\u00f3n, organizada por CONAIF (Confederaci\u00f3n Nacional de Asociaciones de Empresas de Fontaner\u00eda, Gas, Calefacci\u00f3n, Climatizaci\u00f3n, Protecci\u00f3n contra Incendios, Electricidad y Afines), en la que alumnos provenientes de Andaluc\u00eda, Arag\u00f3n, Islas Canarias, Galicia, Islas Baleares, Comunidad de Madrid, Pa\u00eds Vasco, Asturias, Cantabria, Castilla y Le\u00f3n, Castilla-La Mancha, Catalu\u00f1a, Comunidad Valenciana, Ceuta y Murcia tuvieron que demostrar sus habilidades en la instalaci\u00f3n de equipos de aire acondicionado tipo Split cedidos por la marca.<\/p>\n<p>En esta edici\u00f3n, las Olimpiadas Nacionales Spain Skills han superado todas las expectativas teniendo una gran acogida entre los participantes, que este a\u00f1o han llegado a los 378, todos ellos estudiantes y reci\u00e9n titulados en FP procedentes de todas las comunidades y ciudades aut\u00f3nomas de Espa\u00f1a.<\/p>\n<p>Con su colaboraci\u00f3n, <strong>Mitsubishi Electric<\/strong> demuestra, una vez m\u00e1s, su firme compromiso con su entorno social y el desarrollo profesional y la b\u00fasqueda de oportunidades laborales entre los m\u00e1s j\u00f3venes.<\/p>\n<p><strong>Sobre Mitsubishi Electric<\/strong><\/p>\n<p>Mitsubishi Electric es l\u00edder mundial en desarrollo y producci\u00f3n de dispositivos el\u00e9ctricos y electr\u00f3nicos utilizados en procesos de informaci\u00f3n y comunicaciones, as\u00ed como en el desarrollo espacial y las comunicaciones v\u00eda sat\u00e9lite. La firma, que cumplir\u00e1 su 100 Aniversario en 2021 celebra en Espa\u00f1a 40 a\u00f1os de experiencia comercial, coincidiendo con el 150 aniversario del establecimiento de relaciones diplom\u00e1ticas entre Espa\u00f1a y Jap\u00f3n. Actualmente es un referente mundial en productos de climatizaci\u00f3n, electr\u00f3nica de consumo, tecnolog\u00eda industrial, energ\u00eda, transporte y la fabricaci\u00f3n de equipos.<\/p>\n","protected":false},"excerpt":{"rendered":"<p>La firma ha sido uno de los principales patrocinadores de este evento promovido por el Ministerio de Educaci\u00f3n, Cultura y Deporte, que se celebra cada dos a\u00f1os con el objetivo de promocionar los estudios de Formaci\u00f3n Profesional. Madrid, 2 abril de 2019. La empresa l\u00edder del sector del aire acondicionado y la climatizaci\u00f3n, Mitsubishi Electric&#8230;  <a href=\"https:\/\/www.mitsubishielectric.es\/aire-acondicionado\/actualidad\/mitsubishi-electric-comprometido-con-el-fomento-de-la-formacion-profesional-entre-los-mas-jovenes\/\" title=\"Leer Mitsubishi Electric, comprometido con el fomento de la Formaci\u00f3n Profesional entre los m\u00e1s j\u00f3venes\">Leer m\u00e1s &raquo;<\/a><\/p>\n","protected":false},"author":2,"featured_media":1994,"comment_status":"closed","ping_status":"closed","sticky":false,"template":"","format":"standard","meta":{"_acf_changed":false,"footnotes":""},"categories":[769],"tags":[],"class_list":["post-1954","post","type-post","status-publish","format-standard","has-post-thumbnail","hentry","category-actualidad"],"acf":[],"_links":{"self":[{"href":"https:\/\/www.mitsubishielectric.es\/aire-acondicionado\/wp-json\/wp\/v2\/posts\/1954","targetHints":{"allow":["GET"]}}],"collection":[{"href":"https:\/\/www.mitsubishielectric.es\/aire-acondicionado\/wp-json\/wp\/v2\/posts"}],"about":[{"href":"https:\/\/www.mitsubishielectric.es\/aire-acondicionado\/wp-json\/wp\/v2\/types\/post"}],"author":[{"embeddable":true,"href":"https:\/\/www.mitsubishielectric.es\/aire-acondicionado\/wp-json\/wp\/v2\/users\/2"}],"replies":[{"embeddable":true,"href":"https:\/\/www.mitsubishielectric.es\/aire-acondicionado\/wp-json\/wp\/v2\/comments?post=1954"}],"version-history":[{"count":0,"href":"https:\/\/www.mitsubishielectric.es\/aire-acondicionado\/wp-json\/wp\/v2\/posts\/1954\/revisions"}],"wp:featuredmedia":[{"embeddable":true,"href":"https:\/\/www.mitsubishielectric.es\/aire-acondicionado\/wp-json\/wp\/v2\/media\/1994"}],"wp:attachment":[{"href":"https:\/\/www.mitsubishielectric.es\/aire-acondicionado\/wp-json\/wp\/v2\/media?parent=1954"}],"wp:term":[{"taxonomy":"category","embeddable":true,"href":"https:\/\/www.mitsubishielectric.es\/aire-acondicionado\/wp-json\/wp\/v2\/categories?post=1954"},{"taxonomy":"post_tag","embeddable":true,"href":"https:\/\/www.mitsubishielectric.es\/aire-acondicionado\/wp-json\/wp\/v2\/tags?post=1954"}],"curies":[{"name":"wp","href":"https:\/\/api.w.org\/{rel}","templated":true}]}}