{"id":1956,"date":"2019-04-25T12:32:08","date_gmt":"2019-04-25T10:32:08","guid":{"rendered":"https:\/\/www.mitsubishielectric.es\/aire-acondicionado\/?p=1956"},"modified":"2025-06-17T16:22:17","modified_gmt":"2025-06-17T14:22:17","slug":"di-si-a-los-desayunos-informativos-de-r32-con-mitsubishi-electric","status":"publish","type":"post","link":"https:\/\/www.mitsubishielectric.es\/aire-acondicionado\/actualidad\/di-si-a-los-desayunos-informativos-de-r32-con-mitsubishi-electric\/","title":{"rendered":"Di \u201cS\u00ed\u201d a los desayunos informativos de R32 con Mitsubishi Electric"},"content":{"rendered":"<p><strong>La firma l\u00edder del sector del aire acondicionado llevar\u00e1 a cabo, a finales de este mes, diversas sesiones informativas por toda Espa\u00f1a sobre la utilizaci\u00f3n en equipos del gas R32, dirigidas a instaladores y distribuidores.<\/strong><\/p>\n<p><strong>Madrid, 25 abril de 2019<\/strong>. La empresa l\u00edder del sector del aire acondicionado y la climatizaci\u00f3n, Mitsubishi Electric Europe B. V. Sucursal en Espa\u00f1a, ha puesto en marcha una nueva activaci\u00f3n dentro de la campa\u00f1a, <strong>\u201cDi S\u00ed al R32\u201d, con el desarrollo de una serie de sesiones informativas entre especialistas y profesionales del sector, instaladores y distribuidores<\/strong>, con el objetivo de comunicar y transmitir las ventajas y beneficios de instalar un equipo que utilice el gas refrigerante R32.<\/p>\n<p>Las sesiones se han llevado a cabo estos \u00faltimos d\u00edas de abril hasta el 1 de mayo por toda la Pen\u00ednsula, concretamente en las ciudades de Madrid, Barcelona, Valencia, Sevilla, M\u00e1laga y Alicante, sumando un total de 52 citas en las que Mitsubishi Electric ofrecer\u00e1, en formato desayuno, la informaci\u00f3n m\u00e1s completa y detallada referente a esta legislaci\u00f3n y a la utilizaci\u00f3n de equipos con R32 (y Refrigerante R410A).<\/p>\n<p>Recordemos que el refrigerante R32 surge como respuesta a la necesidad de reducir las emisiones de gases fluorados a la atm\u00f3sfera con un alto nivel de Potencial de Calentamiento Global, una medida regulada por la Uni\u00f3n Europea a trav\u00e9s de su reglamento F-Gas, con la que pretende disminuir al m\u00e1ximo el impacto ambiental. En otras palabras, <strong>menor contaminaci\u00f3n. Por ello, \u201cDi s\u00ed al R32 con Mitsubishi Electric\u201d<\/strong>.<\/p>\n<p>Di \u201cS\u00ed\u201d al R32 <strong>porque asegura la m\u00e1xima facilidad de instalaci\u00f3n<\/strong>:<\/p>\n<ul>\n<li>Si eres <strong>instalador de Nivel 1<\/strong>, est\u00e1s capacitado de la misma manera que lo estabas para el R410A.<\/li>\n<li>Di \u201cS\u00ed\u201d a <strong>uniones abocardadas<\/strong>. No necesitas punto de soldadura de la misma manera que tampoco lo necesitabas para R410A.<\/li>\n<li>\u00danicamente tendr\u00e1s que entregar al usuario final el <strong>Manual y un documento con los datos generales<\/strong> como empresa instaladora, fabricante, modelo y refrigerante empleado.<\/li>\n<\/ul>\n<p>Adem\u00e1s, el Gas <strong>R32 es mucho m\u00e1s econ\u00f3mico<\/strong> (hasta un <strong>70% m\u00e1s barato que el R410A por Kilogramo de refrigerante<\/strong>) y el <strong>mantenimiento y la reposici\u00f3n de un equipo con R32 conlleva un 70% menos de impuestos<\/strong> (al no tener tantas tasas). Asimismo, el <strong>R32 est\u00e1 disponible para aplicaciones de conducto o comerciales<\/strong>, porque entregando al titular de la instalaci\u00f3n el c\u00e1lculo de carga, <strong>no requiere ninguna documentaci\u00f3n adicional con respecto al R410A<\/strong>.<\/p>\n<p>M\u00e1s informaci\u00f3n a trav\u00e9s del mail <a href=\"mailto:aire.acondicionado@sp.mee.com\">aire.acondicionado@sp.mee.com<\/a><\/p>\n<p><strong>Sobre Mitsubishi Electric<\/strong><\/p>\n<p>Mitsubishi Electric es l\u00edder mundial en desarrollo y producci\u00f3n de dispositivos el\u00e9ctricos y electr\u00f3nicos utilizados en procesos de informaci\u00f3n y comunicaciones, as\u00ed como en el desarrollo espacial y las comunicaciones v\u00eda sat\u00e9lite. La firma, que cumplir\u00e1 su 100 Aniversario en 2021, celebra en Espa\u00f1a 40 a\u00f1os de experiencia comercial, coincidiendo con el 150 aniversario del establecimiento de relaciones diplom\u00e1ticas entre Espa\u00f1a y Jap\u00f3n. Actualmente es un referente mundial en productos de climatizaci\u00f3n, electr\u00f3nica de consumo, tecnolog\u00eda industrial, energ\u00eda, transporte y la fabricaci\u00f3n de equipos.<\/p>\n","protected":false},"excerpt":{"rendered":"<p>La firma l\u00edder del sector del aire acondicionado llevar\u00e1 a cabo, a finales de este mes, diversas sesiones informativas por toda Espa\u00f1a sobre la utilizaci\u00f3n en equipos del gas R32, dirigidas a instaladores y distribuidores. Madrid, 25 abril de 2019. La empresa l\u00edder del sector del aire acondicionado y la climatizaci\u00f3n, Mitsubishi Electric Europe B&#8230;.  <a href=\"https:\/\/www.mitsubishielectric.es\/aire-acondicionado\/actualidad\/di-si-a-los-desayunos-informativos-de-r32-con-mitsubishi-electric\/\" title=\"Leer Di \u201cS\u00ed\u201d a los desayunos informativos de R32 con Mitsubishi Electric\">Leer m\u00e1s &raquo;<\/a><\/p>\n","protected":false},"author":2,"featured_media":1981,"comment_status":"closed","ping_status":"closed","sticky":false,"template":"","format":"standard","meta":{"_acf_changed":false,"footnotes":""},"categories":[769],"tags":[],"class_list":["post-1956","post","type-post","status-publish","format-standard","has-post-thumbnail","hentry","category-actualidad"],"acf":[],"_links":{"self":[{"href":"https:\/\/www.mitsubishielectric.es\/aire-acondicionado\/wp-json\/wp\/v2\/posts\/1956","targetHints":{"allow":["GET"]}}],"collection":[{"href":"https:\/\/www.mitsubishielectric.es\/aire-acondicionado\/wp-json\/wp\/v2\/posts"}],"about":[{"href":"https:\/\/www.mitsubishielectric.es\/aire-acondicionado\/wp-json\/wp\/v2\/types\/post"}],"author":[{"embeddable":true,"href":"https:\/\/www.mitsubishielectric.es\/aire-acondicionado\/wp-json\/wp\/v2\/users\/2"}],"replies":[{"embeddable":true,"href":"https:\/\/www.mitsubishielectric.es\/aire-acondicionado\/wp-json\/wp\/v2\/comments?post=1956"}],"version-history":[{"count":0,"href":"https:\/\/www.mitsubishielectric.es\/aire-acondicionado\/wp-json\/wp\/v2\/posts\/1956\/revisions"}],"wp:featuredmedia":[{"embeddable":true,"href":"https:\/\/www.mitsubishielectric.es\/aire-acondicionado\/wp-json\/wp\/v2\/media\/1981"}],"wp:attachment":[{"href":"https:\/\/www.mitsubishielectric.es\/aire-acondicionado\/wp-json\/wp\/v2\/media?parent=1956"}],"wp:term":[{"taxonomy":"category","embeddable":true,"href":"https:\/\/www.mitsubishielectric.es\/aire-acondicionado\/wp-json\/wp\/v2\/categories?post=1956"},{"taxonomy":"post_tag","embeddable":true,"href":"https:\/\/www.mitsubishielectric.es\/aire-acondicionado\/wp-json\/wp\/v2\/tags?post=1956"}],"curies":[{"name":"wp","href":"https:\/\/api.w.org\/{rel}","templated":true}]}}