{"id":1969,"date":"2019-07-04T13:25:36","date_gmt":"2019-07-04T11:25:36","guid":{"rendered":"https:\/\/www.mitsubishielectric.es\/aire-acondicionado\/?p=1969"},"modified":"2025-06-17T16:22:13","modified_gmt":"2025-06-17T14:22:13","slug":"marron-se-suma-a-la-campana-di-si-al-r32-de-mitsubishi-electric","status":"publish","type":"post","link":"https:\/\/www.mitsubishielectric.es\/aire-acondicionado\/actualidad\/marron-se-suma-a-la-campana-di-si-al-r32-de-mitsubishi-electric\/","title":{"rendered":"Marron se suma a la campa\u00f1a \u201cDI S\u00cd al R32\u201d de Mitsubishi Electric"},"content":{"rendered":"<ul>\n<li>El conocido colaborador de El Hormiguero de Antena 3 TV participa en la iniciativa de la firma l\u00edder del aire acondicionado, incidiendo en los beneficios y cualidades del aire acondicionado con R32.<\/li>\n<li>Eficiencia energ\u00e9tica y respeto al medioambiente, objetivos principales de Mitsubishi Electric.<\/li>\n<\/ul>\n<p><strong>Madrid, 4 de julio de 2019<\/strong>. <strong>La empresa l\u00edder del sector del aire acondicionado y la climatizaci\u00f3n, Mitsubishi Electric Europe B. V. Sucursal en Espa\u00f1a<\/strong>, ha puesto en marcha una nueva activaci\u00f3n dentro de la Campa\u00f1a \u201cDi S\u00ed al R32\u201d, con la que entidad <strong>quiere dar a conocer todas las ventajas y beneficios<\/strong> de los equipos de aire acondicionado con este gas refrigerante, poniendo a disposici\u00f3n de sus clientes, distribuidores, instaladores y consumidores la informaci\u00f3n m\u00e1s completa y detallada referente a esta legislaci\u00f3n y a la instalaci\u00f3n y utilizaci\u00f3n residencial y comercial de equipos de aire acondicionado con R32.<\/p>\n<p>La campa\u00f1a, que arranc\u00f3 en febrero y se ha podido ver en puntos de venta y medios de comunicaci\u00f3n, ya conto con la colaboraci\u00f3n del ex seleccionador <strong>Vicente del Bosque<\/strong>, que particip\u00f3 en la inauguraci\u00f3n del stand de la firma en la feria de la Climatizaci\u00f3n, donde presentaba toda la gama R32, <strong>sum\u00e1ndose y compartiendo as\u00ed los valores de la entidad, intr\u00ednsecos en su ADN: estar a la vanguardia en tecnolog\u00eda, innovaci\u00f3n, eficiencia y respeto al medio ambiente<\/strong>.<\/p>\n<p>Ahora, da un giro de tuerca en RRSS con la colaboraci\u00f3n de Marron, conocido por su trabajo en El hormiguero, con el que busca aprovechar el comienzo del verano para incentivar el consumo de equipos con este refrigerante, m\u00e1s respetuoso con el medio ambiente y considerado como una opci\u00f3n moderna frente a otras alternativas, siendo la elecci\u00f3n con R32 m\u00e1s eficiente, ecol\u00f3gica y ahorradora. De esta forma, la entidad buscar acercar las ventajas de aire acondicionado con R32 mediante un toque desenfadado y de humor, m\u00e1s llamativo, a esta campa\u00f1a, sin dejar de incidir en las principales cualidades de los aires acondicionados con R32.<\/p>\n<p>Esta nueva etapa del \u201cDi S\u00ed al R 32\u201d ya se puede ver en todas las RRSS: Facebook, Twitter, Linkedin, You Tube e Instagram.<\/p>\n<p>&nbsp;<\/p>\n<p><iframe loading=\"lazy\" src=\"https:\/\/www.youtube.com\/embed\/Mq_Jc1nwrnE\" width=\"400\" height=\"200\" frameborder=\"0\" allowfullscreen=\"allowfullscreen\"><span style=\"display: inline-block; width: 0px; overflow: hidden; line-height: 0;\" data-mce-type=\"bookmark\" class=\"mce_SELRES_start\">\ufeff<\/span><\/iframe> <iframe loading=\"lazy\" src=\"https:\/\/www.youtube.com\/embed\/00z7jAZw2EE\" width=\"400\" height=\"200\" frameborder=\"0\" allowfullscreen=\"allowfullscreen\"><\/iframe> <iframe loading=\"lazy\" src=\"https:\/\/www.youtube.com\/embed\/w6G7qJXS7Ho\" width=\"400\" height=\"200\" frameborder=\"0\" allowfullscreen=\"allowfullscreen\"><\/iframe><\/p>\n<p>&nbsp;<\/p>\n<p><strong>El refrigerante R32, utilizado en la instalaci\u00f3n de los equipos de aire acondicionado, surge como respuesta a la necesidad de reducir las emisiones de gases fluorados a la atm\u00f3sfera con un alto nivel de Potencial de Calentamiento Global, una medida regulada por la Uni\u00f3n Europea a trav\u00e9s de su reglamento F-Gas, con la que pretende disminuir al m\u00e1ximo el impacto ambiental. En otras palabras, menor contaminaci\u00f3n.<\/strong><\/p>\n<p>La firma japonesa, bajo su responsabilidad constante por la protecci\u00f3n del medio ambiente y bajo su compromiso por la sostenibilidad y el ahorro energ\u00e9tico, no solo apuesta por equipos cada vez m\u00e1s eficientes, sino que es consciente de su funci\u00f3n como valedora y representante en su sector, siendo conocedora de que solo es posible llevar a cabo estos objetivos mediante un <strong>modelo energ\u00e9tico sostenible y eficiente<\/strong>.<\/p>\n<p>M\u00e1s informaci\u00f3n a trav\u00e9s del mail <a href=\"mailto:aire.acondicionado@sp.mee.com\">aire.acondicionado@sp.mee.com<\/a><\/p>\n<p><strong>*CONTEXTO INFORMATIVO<\/strong>: La protecci\u00f3n del medioambiente mediante la reducci\u00f3n de las emisiones de gases fluorados de efecto invernadero es una de las constantes en el sector del aire acondicionado en Europa.<\/p>\n<p>El Reglamento de Seguridad de las Instalaciones Frigor\u00edficas en Espa\u00f1a, aprobado a finales de a\u00f1o, introdujo cambios en este sector de cara a la utilizaci\u00f3n y comercializaci\u00f3n de refrigerantes con menor Potencial Calentamiento Atmosf\u00e9rico (PCA).<\/p>\n<p>Es cuando el refrigerante R32, utilizado en la instalaci\u00f3n de los equipos de aire acondicionado, surge entonces como respuesta a la necesidad de reducir las emisiones de gases fluorados a la atm\u00f3sfera con un alto nivel de Potencial de Calentamiento Global, una medida regulada por la Uni\u00f3n Europea a trav\u00e9s de su reglamento F-Gas, con la que pretende disminuir al m\u00e1ximo el impacto ambiental. En otras palabras, menor contaminaci\u00f3n.<\/p>\n<p>Por ello, <strong>Mitsubishi Electric, como empresa l\u00edder del sector del Aire Acondicionado y la climatizaci\u00f3n en nuestro pa\u00eds, ha querido dar a conocer todas las ventajas y beneficios<\/strong> de este nuevo gas refrigerante mediante la activaci\u00f3n una campa\u00f1a de comunicaci\u00f3n y formaci\u00f3n poniendo a disposici\u00f3n de sus clientes, distribuidores, instaladores y consumidores la informaci\u00f3n m\u00e1s completa y detallada referente a esta legislaci\u00f3n y a la instalaci\u00f3n y utilizaci\u00f3n residencial y comercial de equipos de aire acondicionado con R32. Y es que bajo su responsabilidad constante por la protecci\u00f3n del medio ambiente y bajo su compromiso por la sostenibilidad y el ahorro energ\u00e9tico, la firma japonesa no solo apuesta por equipos cada vez m\u00e1s eficientes, sino que es consciente de su funci\u00f3n como valedora y representante en su sector, siendo conocedora de que solo es posible llevar a cabo estos objetivos mediante un <strong>modelo energ\u00e9tico sostenible y eficiente<\/strong>.<\/p>\n","protected":false},"excerpt":{"rendered":"<p>El conocido colaborador de El Hormiguero de Antena 3 TV participa en la iniciativa de la firma l\u00edder del aire acondicionado, incidiendo en los beneficios y cualidades del aire acondicionado con R32. Eficiencia energ\u00e9tica y respeto al medioambiente, objetivos principales de Mitsubishi Electric. Madrid, 4 de julio de 2019. La empresa l\u00edder del sector del&#8230;  <a href=\"https:\/\/www.mitsubishielectric.es\/aire-acondicionado\/actualidad\/marron-se-suma-a-la-campana-di-si-al-r32-de-mitsubishi-electric\/\" title=\"Leer Marron se suma a la campa\u00f1a \u201cDI S\u00cd al R32\u201d de Mitsubishi Electric\">Leer m\u00e1s &raquo;<\/a><\/p>\n","protected":false},"author":2,"featured_media":1973,"comment_status":"closed","ping_status":"closed","sticky":false,"template":"","format":"standard","meta":{"_acf_changed":false,"footnotes":""},"categories":[769],"tags":[],"class_list":["post-1969","post","type-post","status-publish","format-standard","has-post-thumbnail","hentry","category-actualidad"],"acf":[],"_links":{"self":[{"href":"https:\/\/www.mitsubishielectric.es\/aire-acondicionado\/wp-json\/wp\/v2\/posts\/1969","targetHints":{"allow":["GET"]}}],"collection":[{"href":"https:\/\/www.mitsubishielectric.es\/aire-acondicionado\/wp-json\/wp\/v2\/posts"}],"about":[{"href":"https:\/\/www.mitsubishielectric.es\/aire-acondicionado\/wp-json\/wp\/v2\/types\/post"}],"author":[{"embeddable":true,"href":"https:\/\/www.mitsubishielectric.es\/aire-acondicionado\/wp-json\/wp\/v2\/users\/2"}],"replies":[{"embeddable":true,"href":"https:\/\/www.mitsubishielectric.es\/aire-acondicionado\/wp-json\/wp\/v2\/comments?post=1969"}],"version-history":[{"count":0,"href":"https:\/\/www.mitsubishielectric.es\/aire-acondicionado\/wp-json\/wp\/v2\/posts\/1969\/revisions"}],"wp:featuredmedia":[{"embeddable":true,"href":"https:\/\/www.mitsubishielectric.es\/aire-acondicionado\/wp-json\/wp\/v2\/media\/1973"}],"wp:attachment":[{"href":"https:\/\/www.mitsubishielectric.es\/aire-acondicionado\/wp-json\/wp\/v2\/media?parent=1969"}],"wp:term":[{"taxonomy":"category","embeddable":true,"href":"https:\/\/www.mitsubishielectric.es\/aire-acondicionado\/wp-json\/wp\/v2\/categories?post=1969"},{"taxonomy":"post_tag","embeddable":true,"href":"https:\/\/www.mitsubishielectric.es\/aire-acondicionado\/wp-json\/wp\/v2\/tags?post=1969"}],"curies":[{"name":"wp","href":"https:\/\/api.w.org\/{rel}","templated":true}]}}