{"id":2036,"date":"2019-09-12T14:23:19","date_gmt":"2019-09-12T12:23:19","guid":{"rendered":"https:\/\/www.mitsubishielectric.es\/aire-acondicionado\/?p=2036"},"modified":"2025-06-17T16:22:12","modified_gmt":"2025-06-17T14:22:12","slug":"mitsubishi-electric-te-anima-a-participar-en-la-carrera-solidaria-de-la-fundacion-sindrome-de-down-de-madrid","status":"publish","type":"post","link":"https:\/\/www.mitsubishielectric.es\/aire-acondicionado\/actualidad\/mitsubishi-electric-te-anima-a-participar-en-la-carrera-solidaria-de-la-fundacion-sindrome-de-down-de-madrid\/","title":{"rendered":"Mitsubishi Electric te anima a participar en la Carrera Solidaria de la Fundaci\u00f3n S\u00edndrome de Down de Madrid"},"content":{"rendered":"<ul>\n<li><strong>La carrera, que alcanza este a\u00f1o su IX edici\u00f3n bajo el lema \u201cTus kil\u00f3metros, su inclusi\u00f3n\u201d, tendr\u00e1 lugar el 6 de octubre en el Parque Juan Carlos I y cuenta con el ex seleccionador nacional Vicente del Bosque como patrono de honor.<\/strong><\/li>\n<\/ul>\n<ul>\n<li><strong>Las personas interesadas en participar se podr\u00e1n inscribir hasta el 1 de octubre en la p\u00e1gina web \u2018<\/strong><a href=\"https:\/\/carreradownmadrid.org\/\" target=\"_blank\" rel=\"noopener\"><strong>Carrera Down Madrid\u2019.<\/strong><\/a><\/li>\n<\/ul>\n<p>Bajo el lema <strong>\u2018Tus kil\u00f3metros, su inclusi\u00f3n\u2019<\/strong>, regresa un a\u00f1o m\u00e1s la Carrera solidaria organizada por La <a href=\"http:\/\/www.downmadrid.org\/\" target=\"_blank\" rel=\"noopener noreferrer\"><strong>Fundaci\u00f3n S\u00edndrome de Down de Madrid<\/strong><\/a> (Down Madrid), un evento deportivo cuyo objetivo es apoyar la inclusi\u00f3n social de las personas con discapacidad intelectual y fomentar el aprendizaje de unos h\u00e1bitos de vida saludable.<\/p>\n<p>Esta cita deportiva, cuyo patrono de honor es Vicente del Bosque, tendr\u00e1 lugar el pr\u00f3ximo <strong>6 de octubre, a partir de las 10.30 horas, en el Parque Juan Carlos I de Madrid<\/strong>. La carrera, que cuenta con la colaboraci\u00f3n del <strong>Mitsubishi Electric<\/strong> como patrocinador y Fundaci\u00f3n GMP, consta de tres distancias diferentes: una <strong>marcha de 2,5 km<\/strong>, una carrera de <strong>5 km<\/strong> y una de <strong>10 km<\/strong>, permitiendo as\u00ed que sea una carrera para todos, en la que pueden participar corredores profesionales, aficionados e incluso familias.<\/p>\n<p>Las personas interesadas en participar pueden inscribirse hasta el 1 de octubre a trav\u00e9s de <strong>Internet en la p\u00e1gina web <\/strong><a href=\"https:\/\/carreradownmadrid.org\/\" target=\"_blank\" rel=\"noopener noreferrer\">https:\/\/carreradownmadrid.org\/<\/a>. Adem\u00e1s, est\u00e1 disponible el <strong>Dorsal 0<\/strong> para aquellas personas que no puedan participar, pero quieran colaborar con la Fundaci\u00f3n.<\/p>\n<img loading=\"lazy\" decoding=\"async\" class=\"size-medium wp-image-2041 alignright\" src=\"https:\/\/www.mitsubishielectric.es\/aire-acondicionado\/wp-content\/uploads\/2019\/09\/Carrera-Down-Madrid_red-640x427.jpg\" alt=\"Carrera Down Madrid\" width=\"640\" height=\"427\" \/>\n<p>Esta carrera se ha convertido en el evento del a\u00f1o de Down Madrid, contando con <strong>m\u00e1s de 4.000 corredores en la edici\u00f3n anterior<\/strong>. Su objetivo es acercar la realidad de las personas con discapacidad intelectual de una forma festiva, familiar y, sobre todo, inclusiva. Iniciativas de este tipo son fundamentales para que estas personas demuestren sus capacidades, dejen claro que pueden participar en un evento deportivo como cualquier otra persona y que pueden superar los retos que se propongan si cuentan con los apoyos necesarios.<\/p>\n<p>Los <strong>fondos recaudados<\/strong> ir\u00e1n destinados \u00edntegramente a promover la pr\u00e1ctica deportiva y un estilo de vida saludable entre las personas con discapacidad intelectual y seguir apostando por su inclusi\u00f3n real en la sociedad.<\/p>\n<p>Down Madrid ofrece entrenamientos deportivos en 11 disciplinas diferentes, competiciones y actividades inclusivas, ya que la Fundaci\u00f3n concibe el deporte como una preparaci\u00f3n para la vida porque potencia los valores y permite descubrir la confianza en uno mismo, el trabajo en equipo, la superaci\u00f3n personal y el esp\u00edritu de excelencia.<\/p>\n<p>La <strong>Fundaci\u00f3n S\u00edndrome de Down de Madrid (Down Madrid)<\/strong> es una entidad sin \u00e1nimo de lucro cuya misi\u00f3n es la consecuci\u00f3n de la autonom\u00eda individual de las personas con s\u00edndrome de Down u otra discapacidad intelectual y su plena inclusi\u00f3n social. El trabajo que Down Madrid realiza desde hace 30 a\u00f1os no hubiera sido posible sin la colaboraci\u00f3n de las personas y entidades que apoyan su labor.<\/p>\n","protected":false},"excerpt":{"rendered":"<p>La carrera, que alcanza este a\u00f1o su IX edici\u00f3n bajo el lema \u201cTus kil\u00f3metros, su inclusi\u00f3n\u201d, tendr\u00e1 lugar el 6 de octubre en el Parque Juan Carlos I y cuenta con el ex seleccionador nacional Vicente del Bosque como patrono de honor. Las personas interesadas en participar se podr\u00e1n inscribir hasta el 1 de octubre&#8230;  <a href=\"https:\/\/www.mitsubishielectric.es\/aire-acondicionado\/actualidad\/mitsubishi-electric-te-anima-a-participar-en-la-carrera-solidaria-de-la-fundacion-sindrome-de-down-de-madrid\/\" title=\"Leer Mitsubishi Electric te anima a participar en la Carrera Solidaria de la Fundaci\u00f3n S\u00edndrome de Down de Madrid\">Leer m\u00e1s &raquo;<\/a><\/p>\n","protected":false},"author":2,"featured_media":2040,"comment_status":"closed","ping_status":"closed","sticky":false,"template":"","format":"standard","meta":{"_acf_changed":false,"footnotes":""},"categories":[769],"tags":[],"class_list":["post-2036","post","type-post","status-publish","format-standard","has-post-thumbnail","hentry","category-actualidad"],"acf":[],"_links":{"self":[{"href":"https:\/\/www.mitsubishielectric.es\/aire-acondicionado\/wp-json\/wp\/v2\/posts\/2036","targetHints":{"allow":["GET"]}}],"collection":[{"href":"https:\/\/www.mitsubishielectric.es\/aire-acondicionado\/wp-json\/wp\/v2\/posts"}],"about":[{"href":"https:\/\/www.mitsubishielectric.es\/aire-acondicionado\/wp-json\/wp\/v2\/types\/post"}],"author":[{"embeddable":true,"href":"https:\/\/www.mitsubishielectric.es\/aire-acondicionado\/wp-json\/wp\/v2\/users\/2"}],"replies":[{"embeddable":true,"href":"https:\/\/www.mitsubishielectric.es\/aire-acondicionado\/wp-json\/wp\/v2\/comments?post=2036"}],"version-history":[{"count":0,"href":"https:\/\/www.mitsubishielectric.es\/aire-acondicionado\/wp-json\/wp\/v2\/posts\/2036\/revisions"}],"wp:featuredmedia":[{"embeddable":true,"href":"https:\/\/www.mitsubishielectric.es\/aire-acondicionado\/wp-json\/wp\/v2\/media\/2040"}],"wp:attachment":[{"href":"https:\/\/www.mitsubishielectric.es\/aire-acondicionado\/wp-json\/wp\/v2\/media?parent=2036"}],"wp:term":[{"taxonomy":"category","embeddable":true,"href":"https:\/\/www.mitsubishielectric.es\/aire-acondicionado\/wp-json\/wp\/v2\/categories?post=2036"},{"taxonomy":"post_tag","embeddable":true,"href":"https:\/\/www.mitsubishielectric.es\/aire-acondicionado\/wp-json\/wp\/v2\/tags?post=2036"}],"curies":[{"name":"wp","href":"https:\/\/api.w.org\/{rel}","templated":true}]}}