{"id":2047,"date":"2019-09-26T18:53:52","date_gmt":"2019-09-26T16:53:52","guid":{"rendered":"https:\/\/www.mitsubishielectric.es\/aire-acondicionado\/?p=2047"},"modified":"2025-06-17T16:22:12","modified_gmt":"2025-06-17T14:22:12","slug":"mitsubishi-electric-inaugura-las-nuevas-instalaciones-de-la-academia-3-diamantes-en-madrid","status":"publish","type":"post","link":"https:\/\/www.mitsubishielectric.es\/aire-acondicionado\/actualidad\/mitsubishi-electric-inaugura-las-nuevas-instalaciones-de-la-academia-3-diamantes-en-madrid\/","title":{"rendered":"Mitsubishi Electric inaugura las nuevas instalaciones de la Academia 3 Diamantes en Madrid"},"content":{"rendered":"<p><u>Jueves, 26 de septiembre de 2019<\/u>. Esta semana ha tenido lugar la inauguraci\u00f3n de las <a href=\"https:\/\/youtu.be\/pDX3uOvRtY0\" target=\"_blank\" rel=\"noopener noreferrer\">nuevas instalaciones<\/a> en Madrid de la Academia 3 Diamantes, de Mitsubishi Electric.<\/p>\n<p>En palabras de Pedro Ruiz, Director General de la Divisi\u00f3n Aire Acondicionado Mitsubishi Electric Europe, B.V. Spanish Branch: \u201cLa actividad de formaci\u00f3n a trav\u00e9s de la Academia 3 Diamantes es estrat\u00e9gica porque permite fundamentar nuestra diferenciaci\u00f3n t\u00e9cnica y de calidad, fiabilidad e innovaci\u00f3n; nos acerca a nuestros clientes y sus inquietudes, y -en definitiva- nos ayuda a mejorar cada d\u00eda <em>escuchando<\/em>; por eso es fundamental contar con instalaciones amplias y de calidad\u201d.<\/p>\n<img loading=\"lazy\" decoding=\"async\" class=\"size-medium wp-image-2046 alignright\" src=\"https:\/\/www.mitsubishielectric.es\/aire-acondicionado\/wp-content\/uploads\/2019\/09\/Academia-3-Diamantes-640x452.jpg\" alt=\"Logo Academia 3 Diamantes\" width=\"640\" height=\"452\" \/>\n<p>Durante la jornada los asistentes pudieron conocer al detalle el Plan de Formaci\u00f3n que ahora arranca, as\u00ed como todos los recursos tanto presenciales como on line referidos a cada una de las \u00e1reas tem\u00e1ticas que abarca la formaci\u00f3n.<\/p>\n<p>Este Plan tendr\u00e1 un claro foco en producto seg\u00fan: Gama Dom\u00e9stica y Comercial, Gama ECODAN, Gama City Multi, Ventilaci\u00f3n y Enfriadoras, segmentaci\u00f3n que permite seleccionar el contenido de la formaci\u00f3n de una forma precisa para asegurar la formaci\u00f3n justa y necesaria de los asistentes a estos cursos. Pero, adem\u00e1s, se realizar\u00e1n jornadas y seminarios centradas en aquello que es relevante para los profesionales del clima: normativa, regulaci\u00f3n e innovaciones tecnol\u00f3gicas y medio ambientales<\/p>\n<p>Cada una de estas \u00e1reas incluyen m\u00f3dulos de actividades dedicadas a la instalaci\u00f3n, mantenimiento y reparaci\u00f3n, as\u00ed como m\u00f3dulos orientados al dise\u00f1o y al c\u00e1lculo de instalaciones; y la formaci\u00f3n cuenta con un apartado te\u00f3rico y uno pr\u00e1ctico, y con todas las gamas de productos instalados en las salas de formaci\u00f3n, con lo que se acerca a los clientes a una vivencia m\u00e1s pr\u00e1ctica.<\/p>\n<p>Para cualquier informaci\u00f3n adicional, por favor, contacte con <a href=\"mailto:academia3diamantes@sp.mee.com\">academia3diamantes@sp.mee.com<\/a><\/p>\n","protected":false},"excerpt":{"rendered":"<p>Jueves, 26 de septiembre de 2019. Esta semana ha tenido lugar la inauguraci\u00f3n de las nuevas instalaciones en Madrid de la Academia 3 Diamantes, de Mitsubishi Electric. En palabras de Pedro Ruiz, Director General de la Divisi\u00f3n Aire Acondicionado Mitsubishi Electric Europe, B.V. Spanish Branch: \u201cLa actividad de formaci\u00f3n a trav\u00e9s de la Academia 3&#8230;  <a href=\"https:\/\/www.mitsubishielectric.es\/aire-acondicionado\/actualidad\/mitsubishi-electric-inaugura-las-nuevas-instalaciones-de-la-academia-3-diamantes-en-madrid\/\" title=\"Leer Mitsubishi Electric inaugura las nuevas instalaciones de la Academia 3 Diamantes en Madrid\">Leer m\u00e1s &raquo;<\/a><\/p>\n","protected":false},"author":2,"featured_media":2045,"comment_status":"closed","ping_status":"closed","sticky":false,"template":"","format":"standard","meta":{"_acf_changed":false,"footnotes":""},"categories":[769],"tags":[196,197,198,199,200,201],"class_list":["post-2047","post","type-post","status-publish","format-standard","has-post-thumbnail","hentry","category-actualidad","tag-academia-3-diamantes","tag-formacion","tag-mitsubishi-electric","tag-aire-acondicionado","tag-ecodan","tag-city-multi"],"acf":[],"_links":{"self":[{"href":"https:\/\/www.mitsubishielectric.es\/aire-acondicionado\/wp-json\/wp\/v2\/posts\/2047","targetHints":{"allow":["GET"]}}],"collection":[{"href":"https:\/\/www.mitsubishielectric.es\/aire-acondicionado\/wp-json\/wp\/v2\/posts"}],"about":[{"href":"https:\/\/www.mitsubishielectric.es\/aire-acondicionado\/wp-json\/wp\/v2\/types\/post"}],"author":[{"embeddable":true,"href":"https:\/\/www.mitsubishielectric.es\/aire-acondicionado\/wp-json\/wp\/v2\/users\/2"}],"replies":[{"embeddable":true,"href":"https:\/\/www.mitsubishielectric.es\/aire-acondicionado\/wp-json\/wp\/v2\/comments?post=2047"}],"version-history":[{"count":0,"href":"https:\/\/www.mitsubishielectric.es\/aire-acondicionado\/wp-json\/wp\/v2\/posts\/2047\/revisions"}],"wp:featuredmedia":[{"embeddable":true,"href":"https:\/\/www.mitsubishielectric.es\/aire-acondicionado\/wp-json\/wp\/v2\/media\/2045"}],"wp:attachment":[{"href":"https:\/\/www.mitsubishielectric.es\/aire-acondicionado\/wp-json\/wp\/v2\/media?parent=2047"}],"wp:term":[{"taxonomy":"category","embeddable":true,"href":"https:\/\/www.mitsubishielectric.es\/aire-acondicionado\/wp-json\/wp\/v2\/categories?post=2047"},{"taxonomy":"post_tag","embeddable":true,"href":"https:\/\/www.mitsubishielectric.es\/aire-acondicionado\/wp-json\/wp\/v2\/tags?post=2047"}],"curies":[{"name":"wp","href":"https:\/\/api.w.org\/{rel}","templated":true}]}}