{"id":2068,"date":"2019-10-09T13:46:58","date_gmt":"2019-10-09T11:46:58","guid":{"rendered":"https:\/\/www.mitsubishielectric.es\/aire-acondicionado\/?p=2068"},"modified":"2025-06-17T16:22:11","modified_gmt":"2025-06-17T14:22:11","slug":"casi-5-000-personas-se-dan-cita-por-la-inclusion-en-la-carrera-solidaria-de-down-madrid","status":"publish","type":"post","link":"https:\/\/www.mitsubishielectric.es\/aire-acondicionado\/actualidad\/casi-5-000-personas-se-dan-cita-por-la-inclusion-en-la-carrera-solidaria-de-down-madrid\/","title":{"rendered":"Casi 5.000 personas se dan cita por la inclusi\u00f3n  en la carrera solidaria de Down Madrid"},"content":{"rendered":"<ul>\n<li><strong>Bajo el lema \u2018Tus kil\u00f3metros = su inclusi\u00f3n\u2019, este evento deportivo busca fomentar la inclusi\u00f3n de las personas con discapacidad intelectual en la sociedad<\/strong><\/li>\n<\/ul>\n<ul>\n<li><strong>La carrera dispone de tres distancias, una carrera-marcha de 2km, una carrera de 5km y otra de 10km, permitiendo as\u00ed la participaci\u00f3n de corredores profesionales, aficionados y familias<\/strong><\/li>\n<\/ul>\n<p><strong>Madrid, 6 de octubre de 2019.- <\/strong>Casi <strong>5.000<\/strong> personas han participado este domingo en la <strong>IX edici\u00f3n de la Carrera Solidaria<\/strong> de la <a href=\"http:\/\/www.downmadrid.org\/\" target=\"_blank\" rel=\"noopener noreferrer\"><strong>Fundaci\u00f3n S\u00edndrome de Down de Madrid<\/strong><\/a> (Down Madrid), una iniciativa cuyo objetivo es fomentar la inclusi\u00f3n de las personas con discapacidad intelectual en la sociedad a trav\u00e9s de la actividad deportiva.<\/p>\n<p>Bajo el lema \u2018<strong>Tus kil\u00f3metros = su inclusi\u00f3n<\/strong>\u2019, este evento deportivo contaba con tres distancias, una carrera-marcha de 2 km, una de 5 km y otra de 10 km, consiguiendo as\u00ed que participasen corredores profesionales, aficionados y familias. Con esta iniciativa, personas que no tienen contacto diario con personas con discapacidad intelectual han tenido la oportunidad de conocer de primera mano la realidad de estas personas, descubrir sus capacidades y compartir tiempo con ellas.<\/p>\n<img loading=\"lazy\" decoding=\"async\" class=\"size-medium wp-image-2070 alignright\" src=\"https:\/\/www.mitsubishielectric.es\/aire-acondicionado\/wp-content\/uploads\/2019\/10\/Corredoras-IX-Carrera-Down-Madrid_-640x426.jpg\" alt=\"\" width=\"640\" height=\"426\" \/>\n<p>Los ganadores de esta carrera, que cuenta con la colaboraci\u00f3n principal de <strong>Mitsubishi Electric<\/strong> y <strong>Fundaci\u00f3n GMP<\/strong>, han sido Carla Fern\u00e1ndez en la categor\u00eda femenina de 5 km y Luis Figueroa en la masculina. Por su parte, Laura Serres ha sido la primera clasificada en la categor\u00eda femenina de 10 km y Isaac Rico en la categor\u00eda masculina.<\/p>\n<p>Uno de los corredores de Down Madrid, <strong>Carlos<\/strong>, quien ha participado en todas las ediciones de esta carrera ha indicado que se trata de un evento que le gusta \u201cmucho\u201d porque siente que se supera a s\u00ed mismo a\u00f1o tras a\u00f1o cuando consigue llegar a la meta. \u201cMe gusta mucho poder compartir esta carrera con tanta gente, me hace mucha ilusi\u00f3n poder correr con todos los participantes para que vean lo que somos capaces de conseguir\u201d, ha destacado.<\/p>\n<p>Por su parte, el director general de Mitsubishi Electric, <strong>Pedro Ruiz<\/strong>, ha se\u00f1alado que eventos de este tipo ayudan a la sociedad \u201ca entender la situaci\u00f3n de las personas con discapacidad intelectual y permite que nos podamos acercar a su realidad, comprenderles y ayudarles, ya que la forma de fomentar su inclusi\u00f3n es conoci\u00e9ndoles de primera mano\u201d. \u201cNosotros tenemos una actividad de RSC muy potente, es la primera vez que nos acercamos a este colectivo y yo creo que ser\u00e1 la primera de muchas porque es una actividad que nos encaja perfectamente\u201d, ha asegurado.<\/p>\n","protected":false},"excerpt":{"rendered":"<p>Bajo el lema \u2018Tus kil\u00f3metros = su inclusi\u00f3n\u2019, este evento deportivo busca fomentar la inclusi\u00f3n de las personas con discapacidad intelectual en la sociedad La carrera dispone de tres distancias, una carrera-marcha de 2km, una carrera de 5km y otra de 10km, permitiendo as\u00ed la participaci\u00f3n de corredores profesionales, aficionados y familias Madrid, 6 de&#8230;  <a href=\"https:\/\/www.mitsubishielectric.es\/aire-acondicionado\/actualidad\/casi-5-000-personas-se-dan-cita-por-la-inclusion-en-la-carrera-solidaria-de-down-madrid\/\" title=\"Leer Casi 5.000 personas se dan cita por la inclusi\u00f3n  en la carrera solidaria de Down Madrid\">Leer m\u00e1s &raquo;<\/a><\/p>\n","protected":false},"author":2,"featured_media":2067,"comment_status":"closed","ping_status":"closed","sticky":false,"template":"","format":"standard","meta":{"_acf_changed":false,"footnotes":""},"categories":[769],"tags":[198,202,203],"class_list":["post-2068","post","type-post","status-publish","format-standard","has-post-thumbnail","hentry","category-actualidad","tag-mitsubishi-electric","tag-carrera-down","tag-down-madrid"],"acf":[],"_links":{"self":[{"href":"https:\/\/www.mitsubishielectric.es\/aire-acondicionado\/wp-json\/wp\/v2\/posts\/2068","targetHints":{"allow":["GET"]}}],"collection":[{"href":"https:\/\/www.mitsubishielectric.es\/aire-acondicionado\/wp-json\/wp\/v2\/posts"}],"about":[{"href":"https:\/\/www.mitsubishielectric.es\/aire-acondicionado\/wp-json\/wp\/v2\/types\/post"}],"author":[{"embeddable":true,"href":"https:\/\/www.mitsubishielectric.es\/aire-acondicionado\/wp-json\/wp\/v2\/users\/2"}],"replies":[{"embeddable":true,"href":"https:\/\/www.mitsubishielectric.es\/aire-acondicionado\/wp-json\/wp\/v2\/comments?post=2068"}],"version-history":[{"count":0,"href":"https:\/\/www.mitsubishielectric.es\/aire-acondicionado\/wp-json\/wp\/v2\/posts\/2068\/revisions"}],"wp:featuredmedia":[{"embeddable":true,"href":"https:\/\/www.mitsubishielectric.es\/aire-acondicionado\/wp-json\/wp\/v2\/media\/2067"}],"wp:attachment":[{"href":"https:\/\/www.mitsubishielectric.es\/aire-acondicionado\/wp-json\/wp\/v2\/media?parent=2068"}],"wp:term":[{"taxonomy":"category","embeddable":true,"href":"https:\/\/www.mitsubishielectric.es\/aire-acondicionado\/wp-json\/wp\/v2\/categories?post=2068"},{"taxonomy":"post_tag","embeddable":true,"href":"https:\/\/www.mitsubishielectric.es\/aire-acondicionado\/wp-json\/wp\/v2\/tags?post=2068"}],"curies":[{"name":"wp","href":"https:\/\/api.w.org\/{rel}","templated":true}]}}