{"id":2128,"date":"2019-11-06T17:04:48","date_gmt":"2019-11-06T16:04:48","guid":{"rendered":"https:\/\/www.mitsubishielectric.es\/aire-acondicionado\/?p=2128"},"modified":"2025-06-17T16:22:10","modified_gmt":"2025-06-17T14:22:10","slug":"mitsubishi-electric-patrocinador-oficial-del-gran-espectaculo-revolution-on-ice-tour-2019","status":"publish","type":"post","link":"https:\/\/www.mitsubishielectric.es\/aire-acondicionado\/actualidad\/mitsubishi-electric-patrocinador-oficial-del-gran-espectaculo-revolution-on-ice-tour-2019\/","title":{"rendered":"Mitsubishi Electric, patrocinador oficial del gran espect\u00e1culo \u201cRevolution on Ice\u201d Tour 2019"},"content":{"rendered":"<ul>\n<li><b>Mitsubishi Electric junto con Mitsubishi Corporation y Mitsubishi Motors son los patrocinadores oficiales del show.<\/b><\/li>\n<li><b>Javier Fern\u00e1ndez protagoniza, acompa\u00f1ado de los mejores patinadores internacionales, uno de los mayores eventos de patinaje sobre hielo del mundo con m\u00fasica en directo, acrobacias imposibles y muchas sorpresas.<\/b><\/li>\n<\/ul>\n<p style=\"font-weight: 400;\"><strong><u>Madrid, 30 de octubre de 2019<\/u><\/strong><u>.<\/u>\u00a0Mitsusibshi Electric, la empresa l\u00edder del sector del aire acondicionado y la climatizaci\u00f3n, colabora como <strong>patrocinador oficial<\/strong>, junto a Mitsubishi Corporation y Mitsubishi Motors, en el gran espect\u00e1culo de hielo en directo protagonizado por Javier Fern\u00e1ndez <strong>\u201cRevolution on Ice\u201d Tour 2019<\/strong>.<\/p>\n<img loading=\"lazy\" decoding=\"async\" class=\"alignright wp-image-2126\" src=\"https:\/\/www.mitsubishielectric.es\/aire-acondicionado\/wp-content\/uploads\/2019\/11\/JF-revolution-640x427.jpg\" alt=\"Revolution On Ice con Javier Fern\u00e1ndez\" width=\"480\" height=\"320\" \/>\n<p style=\"font-weight: 400;\">El bicampe\u00f3n mundial, medallista ol\u00edmpico y seis veces campe\u00f3n de Europa de patinaje se sumerge -junto a los mejores patinadores internacionales-\u00a0en un show cargado de magia y humor, con m\u00fasica en vivo, acrobacias sorprendentes y destacados artistas invitados, como Aitana, Edurne, Vanesa Martin y el compositor Carlos Jean.<\/p>\n<p style=\"font-weight: 400;\">Este a\u00f1o, el tour comenzar\u00e1 en\u00a0<strong>M\u00e1laga<\/strong>\u00a0(9 de noviembre), pasando por\u00a0<strong>Zaragoza<\/strong>\u00a0(16 de noviembre),\u00a0<strong>Bilbao<\/strong>\u00a0(14 de diciembre),<strong>\u00a0A Coru\u00f1a<\/strong>\u00a0(21 de diciembre) y\u00a0<strong>Madrid<\/strong>, donde finalizar\u00e1 con doble sesi\u00f3n (28 y 29 de diciembre); tras una primera gira que congreg\u00f3 en 2018 a m\u00e1s de 60.000 espectadores.\u00a0El espect\u00e1culo, adem\u00e1s, cuenta con una\u00a0<strong>vertiente solidaria<\/strong>, destinando un euro por entrada vendida a la \u201c<strong>Fundaci\u00f3n Tambi\u00e9n<\/strong>\u201d, que\u00a0dedicar\u00e1 la recaudaci\u00f3n a promover el deporte entre el colectivo de personas con discapacidad y, principalmente, en campamentos, cursos y\u00a0<em>clinics<\/em>\u00a0para ni\u00f1os y sus familias.<\/p>\n<p style=\"font-weight: 400;\">Con esta colaboraci\u00f3n,\u00a0<strong>Mitsubishi Electric\u00a0<\/strong>pone de manifiesto nuevamente su\u00a0<strong>apoyo y compromiso como empresa l\u00edder al desarrollo de proyectos socio-culturales inclusivos, <\/strong>con el objetivo de favorecer una sociedad cada vez m\u00e1s justa e igualitaria para todos; valores a los que se suman Mitsubishi Corporation y Mitsubishi Motors.\u00a0Toda la informaci\u00f3n sobre localizaciones, horarios y venta de entradas de \u201cRevolution on Ice\u201d Tour 2019 en\u00a0<a href=\"http:\/\/www.revolutiononice.com\/\" target=\"_blank\" rel=\"noopener noreferrer\" data-saferedirecturl=\"https:\/\/www.google.com\/url?q=http:\/\/www.revolutiononice.com\/&amp;source=gmail&amp;ust=1573140830334000&amp;usg=AFQjCNHpBm39c5W-68d4gzxItgt_MAVzPA\">http:\/\/www.revolutiononice.com<\/a><\/p>\n","protected":false},"excerpt":{"rendered":"<p>Mitsubishi Electric junto con Mitsubishi Corporation y Mitsubishi Motors son los patrocinadores oficiales del show. Javier Fern\u00e1ndez protagoniza, acompa\u00f1ado de los mejores patinadores internacionales, uno de los mayores eventos de patinaje sobre hielo del mundo con m\u00fasica en directo, acrobacias imposibles y muchas sorpresas. Madrid, 30 de octubre de 2019.\u00a0Mitsusibshi Electric, la empresa l\u00edder del&#8230;  <a href=\"https:\/\/www.mitsubishielectric.es\/aire-acondicionado\/actualidad\/mitsubishi-electric-patrocinador-oficial-del-gran-espectaculo-revolution-on-ice-tour-2019\/\" title=\"Leer Mitsubishi Electric, patrocinador oficial del gran espect\u00e1culo \u201cRevolution on Ice\u201d Tour 2019\">Leer m\u00e1s &raquo;<\/a><\/p>\n","protected":false},"author":2,"featured_media":2127,"comment_status":"closed","ping_status":"closed","sticky":false,"template":"","format":"standard","meta":{"_acf_changed":false,"footnotes":""},"categories":[769],"tags":[208,209,198,205,206,207],"class_list":["post-2128","post","type-post","status-publish","format-standard","has-post-thumbnail","hentry","category-actualidad","tag-edurne","tag-vanesa-martin","tag-mitsubishi-electric","tag-revolution-on-ice","tag-javier-fernandez","tag-aitana"],"acf":[],"_links":{"self":[{"href":"https:\/\/www.mitsubishielectric.es\/aire-acondicionado\/wp-json\/wp\/v2\/posts\/2128","targetHints":{"allow":["GET"]}}],"collection":[{"href":"https:\/\/www.mitsubishielectric.es\/aire-acondicionado\/wp-json\/wp\/v2\/posts"}],"about":[{"href":"https:\/\/www.mitsubishielectric.es\/aire-acondicionado\/wp-json\/wp\/v2\/types\/post"}],"author":[{"embeddable":true,"href":"https:\/\/www.mitsubishielectric.es\/aire-acondicionado\/wp-json\/wp\/v2\/users\/2"}],"replies":[{"embeddable":true,"href":"https:\/\/www.mitsubishielectric.es\/aire-acondicionado\/wp-json\/wp\/v2\/comments?post=2128"}],"version-history":[{"count":0,"href":"https:\/\/www.mitsubishielectric.es\/aire-acondicionado\/wp-json\/wp\/v2\/posts\/2128\/revisions"}],"wp:featuredmedia":[{"embeddable":true,"href":"https:\/\/www.mitsubishielectric.es\/aire-acondicionado\/wp-json\/wp\/v2\/media\/2127"}],"wp:attachment":[{"href":"https:\/\/www.mitsubishielectric.es\/aire-acondicionado\/wp-json\/wp\/v2\/media?parent=2128"}],"wp:term":[{"taxonomy":"category","embeddable":true,"href":"https:\/\/www.mitsubishielectric.es\/aire-acondicionado\/wp-json\/wp\/v2\/categories?post=2128"},{"taxonomy":"post_tag","embeddable":true,"href":"https:\/\/www.mitsubishielectric.es\/aire-acondicionado\/wp-json\/wp\/v2\/tags?post=2128"}],"curies":[{"name":"wp","href":"https:\/\/api.w.org\/{rel}","templated":true}]}}