{"id":2251,"date":"2019-12-17T12:07:01","date_gmt":"2019-12-17T11:07:01","guid":{"rendered":"https:\/\/www.mitsubishielectric.es\/aire-acondicionado\/?p=2251"},"modified":"2025-06-17T16:22:09","modified_gmt":"2025-06-17T14:22:09","slug":"mitsubishi-electric-patrocinador-oficial-del-gran-espectaculo-revolution-on-ice-tour-2019-2","status":"publish","type":"post","link":"https:\/\/www.mitsubishielectric.es\/aire-acondicionado\/actualidad\/mitsubishi-electric-patrocinador-oficial-del-gran-espectaculo-revolution-on-ice-tour-2019-2\/","title":{"rendered":"Mitsubishi Electric, patrocinador oficial del gran espect\u00e1culo \u201cRevolution on Ice\u201d Tour 2019"},"content":{"rendered":"<p>&nbsp;<\/p>\n<ul>\n<li><b>Mitsubishi Electric junto con Mitsubishi Corporation y Mitsubishi Motors son los patrocinadores oficiales del show.<\/b><\/li>\n<\/ul>\n<p style=\"font-weight: 400;\"><strong><u>Madrid, 17 de diciembre de 2019<\/u><\/strong><u>.<\/u>\u00a0<strong>Mitsubishi Electric, la empresa l\u00edder del sector del aire acondicionado y la climatizaci\u00f3n, colabora como patrocinador oficial, junto a Mitsubishi Corporation y Mitsubishi Motors, en el gran espect\u00e1culo de hielo en directo protagonizado por Javier Fern\u00e1ndez \u201cRevolution on Ice\u201d Tour 2019. \u00a0<\/strong>El bicampe\u00f3n mundial, medallista ol\u00edmpico y seis veces campe\u00f3n de Europa de patinaje se sumerge -junto a los mejores patinadores internacionales-\u00a0<strong>en un show cargado de magia y humor, con m\u00fasica en vivo, acrobacias sorprendentes y destacados artistas invitados, como Aitana, Edurne, Vanesa Martin y el compositor Carlos Jean.<\/strong><\/p>\n<p style=\"font-weight: 400;\">Este a\u00f1o, el tour viaja por\u00a0<strong>M\u00e1laga<\/strong>\u00a0(donde arranc\u00f3 el pasado 9 de noviembre),\u00a0<strong>Zaragoza<\/strong>\u00a0(16 de noviembre),\u00a0<strong>Bilbao<\/strong>\u00a0(14 de diciembre),<strong>\u00a0A Coru\u00f1a<\/strong>\u00a0(donde lo veremos el pr\u00f3ximo 21 de diciembre) y\u00a0<strong>Madrid<\/strong>, donde finalizar\u00e1 con doble sesi\u00f3n (28 y 29 de diciembre); tras una primera gira que congreg\u00f3 en 2018 a m\u00e1s de 60.000 espectadores.<\/p>\n<img loading=\"lazy\" decoding=\"async\" class=\"alignright wp-image-2248 size-full\" src=\"https:\/\/www.mitsubishielectric.es\/aire-acondicionado\/wp-content\/uploads\/2019\/12\/fotonoticia_20191203173814_640-cartel.jpg\" alt=\"Pista de Hielo - Mitsubishi Electric\" width=\"640\" height=\"367\" \/>\n<p style=\"font-weight: 400;\">El espect\u00e1culo, adem\u00e1s, cuenta con una\u00a0<strong>vertiente solidaria<\/strong>, destinando un euro por entrada vendida a la \u201c<strong>Fundaci\u00f3n Tambi\u00e9n<\/strong>\u201d, que dedicar\u00e1 la recaudaci\u00f3n a promover el deporte entre el colectivo de personas con discapacidad y, principalmente, en campamentos, cursos y\u00a0<em>clinics<\/em>\u00a0para ni\u00f1os y sus familias.\u00a0<strong>Vertiente solidaria que tambi\u00e9n est\u00e1 presente en la Pista de hielo (que tambi\u00e9n cuenta con el patrocinio de Mitsubishi Electric),<\/strong>\u00a0que el propio Javier Fern\u00e1ndez inaugur\u00f3 el pasado d\u00eda 3 de diciembre en la Plaza de Colon de Madrid, y que permanecer\u00e1 abierta hasta el pr\u00f3ximo 6 de enero. Y es que un euro de cada entrada vendida para patinar en la pista ir\u00e1 destinado a esta la Fundaci\u00f3n.<\/p>\n<p style=\"font-weight: 400;\">Con esta colaboraci\u00f3n,\u00a0<strong>Mitsubishi Electric\u00a0<\/strong>pone de manifiesto nuevamente su\u00a0<strong>apoyo y compromiso como empresa l\u00edder al desarrollo de proyectos socio-culturales inclusivos, <\/strong>con el objetivo de favorecer una sociedad cada vez m\u00e1s justa e igualitaria para todos; valores a los que se suman Mitsubishi Corporation y Mitsubishi Motors.<\/p>\n<p style=\"font-weight: 400;\">Toda la <strong>informaci\u00f3n<\/strong> sobre localizaciones, horarios y venta de entradas de \u201cRevolution on Ice\u201d Tour 2019 en\u00a0\u00a0<a href=\"http:\/\/www.revolutiononice.com\/\" data-saferedirecturl=\"https:\/\/www.google.com\/url?q=http:\/\/www.revolutiononice.com\/&amp;source=gmail&amp;ust=1576666344027000&amp;usg=AFQjCNHVPSrvu4gyy1QGwfof4ibiP8GhZg\" target=\"_blank\" rel=\"noopener\">http:\/\/www.revolutiononice.com<\/a><\/p>\n","protected":false},"excerpt":{"rendered":"<p>&nbsp; Mitsubishi Electric junto con Mitsubishi Corporation y Mitsubishi Motors son los patrocinadores oficiales del show. Madrid, 17 de diciembre de 2019.\u00a0Mitsubishi Electric, la empresa l\u00edder del sector del aire acondicionado y la climatizaci\u00f3n, colabora como patrocinador oficial, junto a Mitsubishi Corporation y Mitsubishi Motors, en el gran espect\u00e1culo de hielo en directo protagonizado por&#8230;  <a href=\"https:\/\/www.mitsubishielectric.es\/aire-acondicionado\/actualidad\/mitsubishi-electric-patrocinador-oficial-del-gran-espectaculo-revolution-on-ice-tour-2019-2\/\" title=\"Leer Mitsubishi Electric, patrocinador oficial del gran espect\u00e1culo \u201cRevolution on Ice\u201d Tour 2019\">Leer m\u00e1s &raquo;<\/a><\/p>\n","protected":false},"author":2,"featured_media":2250,"comment_status":"closed","ping_status":"closed","sticky":false,"template":"","format":"standard","meta":{"_acf_changed":false,"footnotes":""},"categories":[769],"tags":[205,206,227,228,229,198],"class_list":["post-2251","post","type-post","status-publish","format-standard","has-post-thumbnail","hentry","category-actualidad","tag-revolution-on-ice","tag-javier-fernandez","tag-patinaje","tag-fundacion-tambien","tag-pista-de-hielo","tag-mitsubishi-electric"],"acf":[],"_links":{"self":[{"href":"https:\/\/www.mitsubishielectric.es\/aire-acondicionado\/wp-json\/wp\/v2\/posts\/2251","targetHints":{"allow":["GET"]}}],"collection":[{"href":"https:\/\/www.mitsubishielectric.es\/aire-acondicionado\/wp-json\/wp\/v2\/posts"}],"about":[{"href":"https:\/\/www.mitsubishielectric.es\/aire-acondicionado\/wp-json\/wp\/v2\/types\/post"}],"author":[{"embeddable":true,"href":"https:\/\/www.mitsubishielectric.es\/aire-acondicionado\/wp-json\/wp\/v2\/users\/2"}],"replies":[{"embeddable":true,"href":"https:\/\/www.mitsubishielectric.es\/aire-acondicionado\/wp-json\/wp\/v2\/comments?post=2251"}],"version-history":[{"count":0,"href":"https:\/\/www.mitsubishielectric.es\/aire-acondicionado\/wp-json\/wp\/v2\/posts\/2251\/revisions"}],"wp:featuredmedia":[{"embeddable":true,"href":"https:\/\/www.mitsubishielectric.es\/aire-acondicionado\/wp-json\/wp\/v2\/media\/2250"}],"wp:attachment":[{"href":"https:\/\/www.mitsubishielectric.es\/aire-acondicionado\/wp-json\/wp\/v2\/media?parent=2251"}],"wp:term":[{"taxonomy":"category","embeddable":true,"href":"https:\/\/www.mitsubishielectric.es\/aire-acondicionado\/wp-json\/wp\/v2\/categories?post=2251"},{"taxonomy":"post_tag","embeddable":true,"href":"https:\/\/www.mitsubishielectric.es\/aire-acondicionado\/wp-json\/wp\/v2\/tags?post=2251"}],"curies":[{"name":"wp","href":"https:\/\/api.w.org\/{rel}","templated":true}]}}