{"id":2267,"date":"2019-12-19T12:46:44","date_gmt":"2019-12-19T11:46:44","guid":{"rendered":"https:\/\/www.mitsubishielectric.es\/aire-acondicionado\/?p=2267"},"modified":"2025-06-17T16:22:08","modified_gmt":"2025-06-17T14:22:08","slug":"felicita-estas-navidades-con-mitsubishi-electric-y-contribuye-a-una-causa-solidaria","status":"publish","type":"post","link":"https:\/\/www.mitsubishielectric.es\/aire-acondicionado\/actualidad\/felicita-estas-navidades-con-mitsubishi-electric-y-contribuye-a-una-causa-solidaria\/","title":{"rendered":"Felicita estas Navidades con Mitsubishi Electric y contribuye a una causa solidaria"},"content":{"rendered":"<ul>\n<li><strong>La firma l\u00edder del sector del Aire Acondicionado y la Climatizaci\u00f3n en Espa\u00f1a contin\u00faa colaborando con la Fundaci\u00f3n S\u00edndrome de Down de Madrid, animando durante estas fiestas a sus clientes y empleados a cooperar con la Fundaci\u00f3n.<\/strong><\/li>\n<\/ul>\n<p><strong>Madrid, 19 de diciembre de 2019.<\/strong> Estas navidades, <a href=\"https:\/\/www.mitsubishielectric.es\/aire-acondicionado\/\"><strong>Mitsubishi Electric<\/strong><\/a> contin\u00faa colaborando con la <a href=\"https:\/\/downmadrid.org\/\" target=\"_blank\" rel=\"noopener\"><strong>Fundaci\u00f3n S\u00edndrome de Down de Madrid<\/strong><\/a>, en su labor por fomentar la inclusi\u00f3n familiar, social, educativa y laboral de las personas con s\u00edndrome de Down u otra discapacidad intelectual.<\/p>\n<p>Tras el \u00e9xito de la IX Edici\u00f3n de la Carrera Solidaria de Down Madrid, celebrada el pasado 6 de octubre y en la que participaron cerca de 5.000 personas, la marca de referencia de la climatizaci\u00f3n en nuestro pa\u00eds ha apostado por realizar <strong>su campa\u00f1a de felicitaci\u00f3n de Navidad con alumnos de uno de los colegios de la Fundaci\u00f3n, que protagonizar\u00e1n un v\u00eddeo <\/strong>con un alegre mensaje cargado de esp\u00edritu navide\u00f1o.<\/p>\n<p>El v\u00eddeo ser\u00e1 enviado estos d\u00edas a clientes y empleados de Mitsubishi Electric y, adem\u00e1s, ser\u00e1 difundido en sus redes sociales.<\/p>\n<p>De este modo, Mitsubishi Electric no solo enviar\u00e1 la t\u00edpica felicitaci\u00f3n navide\u00f1a que las empresas preparan en estas fechas, sino <strong>que instar\u00e1 a la acci\u00f3n directa<\/strong> <strong>a trav\u00e9s de donaciones o mediante la compra de productos solidarios<\/strong> <strong>artesanales, elaborados por integrantes de la fundaci\u00f3n, <\/strong>y que suponen, adem\u00e1s, una v\u00eda m\u00e1s para su formaci\u00f3n y su desarrollo ocupacional.<\/p>\n<p>El director general de la Divisi\u00f3n de Aire Acondicionado Mitsubishi Electric Europe, B. V. Sucursal Espa\u00f1a,<strong> Pedro Ruiz<\/strong>, ya afirm\u00f3 en su anterior colaboraci\u00f3n <strong>con Down Madrid <\/strong>que aquella ser\u00eda la primera de muchas, y esta nueva activaci\u00f3n demuestra una vez m\u00e1s el compromiso de la empresa con su entorno social. \u201cEn la actualidad, es importante que se otorguen desde todos los sectores las herramientas necesarias para favorecer el desarrollo profesional de todas las personas por igual. Estamos muy agradecidos a todos los que han querido formar parte de este video de felicitaci\u00f3n\u201d.<\/p>\n<p>Es por ello que Mitsubishi Electric invita a todos a sumarse en esta acci\u00f3n: <a href=\"https:\/\/downmadrid.org\/\" target=\"_blank\" rel=\"noopener\">https:\/\/downmadrid.org\/<\/a><\/p>\n<p>&nbsp;<\/p>\n<p><iframe loading=\"lazy\" src=\"https:\/\/www.youtube.com\/embed\/TdGWUQSFBcE\" width=\"697\" height=\"392\" frameborder=\"0\" allowfullscreen=\"allowfullscreen\"><\/iframe><\/p>\n","protected":false},"excerpt":{"rendered":"<p>La firma l\u00edder del sector del Aire Acondicionado y la Climatizaci\u00f3n en Espa\u00f1a contin\u00faa colaborando con la Fundaci\u00f3n S\u00edndrome de Down de Madrid, animando durante estas fiestas a sus clientes y empleados a cooperar con la Fundaci\u00f3n. Madrid, 19 de diciembre de 2019. Estas navidades, Mitsubishi Electric contin\u00faa colaborando con la Fundaci\u00f3n S\u00edndrome de Down&#8230;  <a href=\"https:\/\/www.mitsubishielectric.es\/aire-acondicionado\/actualidad\/felicita-estas-navidades-con-mitsubishi-electric-y-contribuye-a-una-causa-solidaria\/\" title=\"Leer Felicita estas Navidades con Mitsubishi Electric y contribuye a una causa solidaria\">Leer m\u00e1s &raquo;<\/a><\/p>\n","protected":false},"author":2,"featured_media":2269,"comment_status":"closed","ping_status":"closed","sticky":false,"template":"","format":"standard","meta":{"_acf_changed":false,"footnotes":""},"categories":[769],"tags":[203,230,198],"class_list":["post-2267","post","type-post","status-publish","format-standard","has-post-thumbnail","hentry","category-actualidad","tag-down-madrid","tag-navidad","tag-mitsubishi-electric"],"acf":[],"_links":{"self":[{"href":"https:\/\/www.mitsubishielectric.es\/aire-acondicionado\/wp-json\/wp\/v2\/posts\/2267","targetHints":{"allow":["GET"]}}],"collection":[{"href":"https:\/\/www.mitsubishielectric.es\/aire-acondicionado\/wp-json\/wp\/v2\/posts"}],"about":[{"href":"https:\/\/www.mitsubishielectric.es\/aire-acondicionado\/wp-json\/wp\/v2\/types\/post"}],"author":[{"embeddable":true,"href":"https:\/\/www.mitsubishielectric.es\/aire-acondicionado\/wp-json\/wp\/v2\/users\/2"}],"replies":[{"embeddable":true,"href":"https:\/\/www.mitsubishielectric.es\/aire-acondicionado\/wp-json\/wp\/v2\/comments?post=2267"}],"version-history":[{"count":0,"href":"https:\/\/www.mitsubishielectric.es\/aire-acondicionado\/wp-json\/wp\/v2\/posts\/2267\/revisions"}],"wp:featuredmedia":[{"embeddable":true,"href":"https:\/\/www.mitsubishielectric.es\/aire-acondicionado\/wp-json\/wp\/v2\/media\/2269"}],"wp:attachment":[{"href":"https:\/\/www.mitsubishielectric.es\/aire-acondicionado\/wp-json\/wp\/v2\/media?parent=2267"}],"wp:term":[{"taxonomy":"category","embeddable":true,"href":"https:\/\/www.mitsubishielectric.es\/aire-acondicionado\/wp-json\/wp\/v2\/categories?post=2267"},{"taxonomy":"post_tag","embeddable":true,"href":"https:\/\/www.mitsubishielectric.es\/aire-acondicionado\/wp-json\/wp\/v2\/tags?post=2267"}],"curies":[{"name":"wp","href":"https:\/\/api.w.org\/{rel}","templated":true}]}}