{"id":2691,"date":"2020-02-05T14:05:03","date_gmt":"2020-02-05T13:05:03","guid":{"rendered":"https:\/\/www.mitsubishielectric.es\/aire-acondicionado\/?p=2691"},"modified":"2025-06-17T16:22:06","modified_gmt":"2025-06-17T14:22:06","slug":"mitsubishi-electric-comprometida-con-el-fomento-profesional-entre-los-mas-jovenes","status":"publish","type":"post","link":"https:\/\/www.mitsubishielectric.es\/aire-acondicionado\/actualidad\/mitsubishi-electric-comprometida-con-el-fomento-profesional-entre-los-mas-jovenes\/","title":{"rendered":"Mitsubishi Electric, comprometida con el fomento profesional entre los m\u00e1s j\u00f3venes"},"content":{"rendered":"<ul>\n<li><strong>La firma l\u00edder de aire acondicionado cede a <\/strong><strong>Tecnun, la Escuela de Ingenieros de la Universidad de Navarra, equipos de trabajo para la formaci\u00f3n de los futuros ingenieros.<\/strong><\/li>\n<\/ul>\n<p><strong><u>Madrid, 5 de enero de 2020<\/u><\/strong><strong>. <\/strong><strong>Tecnun, <\/strong>la Escuela de Ingenieros de la Universidad de Navarra en San Sebasti\u00e1n y <strong>Mitsubishi Electric <\/strong>protagonizaron ayer el acto de inauguraci\u00f3n del <strong>Aula Mitsubishi<\/strong> en el campus donostiarra de Ibaeta, en los laboratorios de Ingenier\u00eda T\u00e9rmica y Fluidos de Tecnun.<\/p>\n<p>Con la inauguraci\u00f3n de este Aula, tanto Tecnun como Mitsubishi Electtric desean establecer <em>\u201cuna colaboraci\u00f3n en el \u00e1mbito de la investigaci\u00f3n y la docencia en favor del desarrollo y la capacitaci\u00f3n de los estudiantes de la Escuela de Ingenieros, orientado a una mejor preparaci\u00f3n para su ejercicio profesional\u201d<\/em>.<\/p>\n<p>Concretamente, Mitsubishi Electric ha cedido a la Escuela de Ingenieros distintos equipos de trabajo para la formaci\u00f3n de los futuros ingenieros. Y Tecnun contar\u00e1 con un laboratorio dedicado a la Tecnolog\u00eda de Aire Acondicionado con la imagen corporativa de Mitsubishi como patrocinador.<\/p>\n<p>Ambas partes pusieron de manifiesto durante el acto que est\u00e1n <em>\u201cfirmemente convencidos de que la relaci\u00f3n Universidad-Empresa debe ser en el futuro cada vez m\u00e1s intensa y profunda y que esta relaci\u00f3n redundar\u00e1 en una empresa m\u00e1s competitiva y en una Universidad m\u00e1s en sinton\u00eda con las necesidades del mundo empresarial\u201d<\/em>.<\/p>\n<p>En la presentaci\u00f3n del Aula estuvieron presentes el director de Relaciones Exteriores de la Escuela, <strong>Javier Ganuza<\/strong>, y el director de Tecnun, <strong>Ra\u00fal Ant\u00f3n<\/strong>, quien puso de manifiesto que<em> \u201cla contribuci\u00f3n de Mitsubishi Electric para que Tecnun establezca este laboratorio de investigaci\u00f3n bajo su patrocinio permitir\u00e1 a nuestros estudiantes aprender mejor sobre la tecnolog\u00eda de aire acondicionado utilizando equipos industriales reales mientras se familiarizan con su empresa\u201d<\/em>.<\/p>\n<p>Por parte de Mitsubishi Electric, asistieron el <strong>Pedro Ruiz<\/strong>, Director General de la Divisi\u00f3n Aire Acondicionado<em><strong>, <\/strong><\/em>y el Presidente de la sucursal de Espa\u00f1a y Portugal, <strong>Masami Kusano<\/strong>, quien incidi\u00f3 en que <em>\u201cMitsubishi Electric siempre quiere cambiar y mejorar para contribuir a la sociedad y creo que Tecnun, con sus conceptos de ense\u00f1anza, investigaci\u00f3n y servicio a la sociedad, coincide con nuestra declaraci\u00f3n corporativa&#8221;. \u00a0<\/em><strong>Kusano<\/strong> concluy\u00f3 su discurso dirigi\u00e9ndose a los j\u00f3venes estudiantes que estuvieron presentes en la inauguraci\u00f3n.<em> \u201cNo dej\u00e9is de luchar por vuestros sue\u00f1os, nunca perd\u00e1is la esperanza y el deseo de aprender porque eso os llevar\u00e1 a ser mejores personas\u201d.<\/em><\/p>\n","protected":false},"excerpt":{"rendered":"<p>La firma l\u00edder de aire acondicionado cede a Tecnun, la Escuela de Ingenieros de la Universidad de Navarra, equipos de trabajo para la formaci\u00f3n de los futuros ingenieros. Madrid, 5 de enero de 2020. Tecnun, la Escuela de Ingenieros de la Universidad de Navarra en San Sebasti\u00e1n y Mitsubishi Electric protagonizaron ayer el acto de&#8230;  <a href=\"https:\/\/www.mitsubishielectric.es\/aire-acondicionado\/actualidad\/mitsubishi-electric-comprometida-con-el-fomento-profesional-entre-los-mas-jovenes\/\" title=\"Leer Mitsubishi Electric, comprometida con el fomento profesional entre los m\u00e1s j\u00f3venes\">Leer m\u00e1s &raquo;<\/a><\/p>\n","protected":false},"author":2,"featured_media":2690,"comment_status":"closed","ping_status":"closed","sticky":false,"template":"","format":"standard","meta":{"_acf_changed":false,"footnotes":""},"categories":[769],"tags":[],"class_list":["post-2691","post","type-post","status-publish","format-standard","has-post-thumbnail","hentry","category-actualidad"],"acf":[],"_links":{"self":[{"href":"https:\/\/www.mitsubishielectric.es\/aire-acondicionado\/wp-json\/wp\/v2\/posts\/2691","targetHints":{"allow":["GET"]}}],"collection":[{"href":"https:\/\/www.mitsubishielectric.es\/aire-acondicionado\/wp-json\/wp\/v2\/posts"}],"about":[{"href":"https:\/\/www.mitsubishielectric.es\/aire-acondicionado\/wp-json\/wp\/v2\/types\/post"}],"author":[{"embeddable":true,"href":"https:\/\/www.mitsubishielectric.es\/aire-acondicionado\/wp-json\/wp\/v2\/users\/2"}],"replies":[{"embeddable":true,"href":"https:\/\/www.mitsubishielectric.es\/aire-acondicionado\/wp-json\/wp\/v2\/comments?post=2691"}],"version-history":[{"count":0,"href":"https:\/\/www.mitsubishielectric.es\/aire-acondicionado\/wp-json\/wp\/v2\/posts\/2691\/revisions"}],"wp:featuredmedia":[{"embeddable":true,"href":"https:\/\/www.mitsubishielectric.es\/aire-acondicionado\/wp-json\/wp\/v2\/media\/2690"}],"wp:attachment":[{"href":"https:\/\/www.mitsubishielectric.es\/aire-acondicionado\/wp-json\/wp\/v2\/media?parent=2691"}],"wp:term":[{"taxonomy":"category","embeddable":true,"href":"https:\/\/www.mitsubishielectric.es\/aire-acondicionado\/wp-json\/wp\/v2\/categories?post=2691"},{"taxonomy":"post_tag","embeddable":true,"href":"https:\/\/www.mitsubishielectric.es\/aire-acondicionado\/wp-json\/wp\/v2\/tags?post=2691"}],"curies":[{"name":"wp","href":"https:\/\/api.w.org\/{rel}","templated":true}]}}