{"id":2969,"date":"2020-02-21T11:56:06","date_gmt":"2020-02-21T10:56:06","guid":{"rendered":"https:\/\/www.mitsubishielectric.es\/aire-acondicionado\/?p=2969"},"modified":"2025-06-17T16:22:06","modified_gmt":"2025-06-17T14:22:06","slug":"mitsubishi-electric-presenta-su-gama-mas-sostenible","status":"publish","type":"post","link":"https:\/\/www.mitsubishielectric.es\/aire-acondicionado\/actualidad\/mitsubishi-electric-presenta-su-gama-mas-sostenible\/","title":{"rendered":"Mitsubishi Electric presenta su gama m\u00e1s sostenible"},"content":{"rendered":"<ul>\n<li><strong>La firma l\u00edder de Aire Acondicionado en Espa\u00f1a anuncia la integraci\u00f3n de Climaveneta, multinacional TOP3 a nivel global en la gama hidr\u00f3nica, pionera en tecnolog\u00eda y desarrollo de nuevos productos.<\/strong><\/li>\n<\/ul>\n<ul>\n<li><strong>Durante el evento, celebrado en Madrid, se dieron cita m\u00e1s de 400 empresarios y entidades referentes.<\/strong><\/li>\n<\/ul>\n<p><strong><u>Madrid, 21 de febrero de 2020<\/u><\/strong><strong>. <\/strong><strong>Mitsubishi Electric, empresa l\u00edder mundial del sector del Aire Acondicionado y la Climatizaci\u00f3n,<\/strong> continua imparable su expansi\u00f3n internacional, ahora tambi\u00e9n en Espa\u00f1a con la incorporaci\u00f3n de Climaveneta, multinacional TOP3 a nivel global en sistemas hidr\u00f3nicos, pionera en tecnolog\u00eda y desarrollo de nuevos productos.<\/p>\n<p><strong>Esta ambiciosa operaci\u00f3n de m\u00e1s de 700 millones de euros, arranc\u00f3 hace cinco a\u00f1os desde MITSUBISHI ELECTRIC CORPORATION, y representa una de las inversiones m\u00e1s altas e importantes dentro del sector de la Climatizaci\u00f3n en lo que se refiere a fusiones y adquisiciones, pues supone la integraci\u00f3n total de tecnolog\u00edas, f\u00e1bricas, productos y talento, con presencia en pr\u00e1cticamente todo el mundo.<\/strong><\/p>\n<img loading=\"lazy\" decoding=\"async\" class=\" wp-image-2977 alignright\" src=\"https:\/\/www.mitsubishielectric.es\/aire-acondicionado\/wp-content\/uploads\/2020\/02\/Pedro-Ruiz-director-general-640x427.jpg\" alt=\"Pedro Ruiz, director general LES Mitsubishi Electric\" width=\"437\" height=\"333\" \/>\n<p>Ahora, esta integraci\u00f3n se ha llevado de forma definitiva en Espa\u00f1a, y Mitsubishi Electric, que ya lidera el mercado de Aire Acondicionado en nuestro pa\u00eds gracias a la calidad de sus productos, servicio y cobertura geogr\u00e1fica, alcanza tambi\u00e9n el liderazgo en el \u201cMercado de Agua\u201d de la Climatizaci\u00f3n.<\/p>\n<p>Y lo hace gracias a la combinaci\u00f3n de <strong>refrigerantes -con muy bajo PCA- <\/strong>y <strong>de agua<\/strong> como veh\u00edculos de transferencia t\u00e9rmica en sus equipos. No hay que olvidar, adem\u00e1s, el desarrollo de los sistemas h\u00edbridos, en los que la firma japonesa ya ha sido pionera.<\/p>\n<p><strong>Esta inversi\u00f3n supone un compromiso por la calidad y el crecimiento pero tambi\u00e9n por la sostenibilidad, y se engloba dentro del Plan de Sostenibilidad 2021,<\/strong> con el que Mitsubishi Electric contribuye positivamente para lograr una sociedad m\u00e1s sostenible.<\/p>\n<p>De hecho, la compa\u00f1\u00eda ya est\u00e1 llevando <strong>acciones concretas y tangibles vinculadas con la protecci\u00f3n del medio ambiente<\/strong> <strong>como la reducci\u00f3n en un 30% las emisiones de CO2 por uso y producci\u00f3n de productos, y una tasa de reciclaje de residuos de pl\u00e1stico de electrodom\u00e9sticos al final del ciclo de vida del 80%, llegando al 100% en 2021.<\/strong><\/p>\n<p>No hay que olvidar, que la multinacional japonesa ha sido elegida por <strong>CDP como una de las empresas dentro de &#8220;The A list&#8221; en las categor\u00edas de \u201cClimate Change\u201d y \u201cWater Security\u201d durante 3 a\u00f1os consecutivos<\/strong>, y ha recibido la calificaci\u00f3n <strong>Oro de primer nivel en responsabilidad social corporativa (CSR) 2019 por <u>EcoVadis<\/u>,<\/strong> la agencia global de evaluaci\u00f3n de RSE, con sede en Francia.<\/p>\n<p>La puesta de largo tuvo lugar ayer en un evento celebrado en la Galer\u00eda de Cristal del Palacio de Cibeles en Madrid y en el que se dieron cita <strong>m\u00e1s de 400 invitados<\/strong>, entre los que se encontraban <em>entidades<\/em> referentes de nuestro pa\u00eds y destacados empresarios, adem\u00e1s de la c\u00fapula directiva de la entidad.<\/p>\n<p><strong>Pedro Ruiz, director general de la Divisi\u00f3n de Aire Acondicionado Mitsubishi Electric Europe, B. V. Sucursal Espa\u00f1a<\/strong> <strong>indic\u00f3<\/strong>: <em>la adquisi\u00f3n de <\/em>Climaveneta, completa nuestra ampl\u00edsima gama con los sistemas hidr\u00f3nicos, consolidando nuestro liderazgo en Europa y, en concreto, en Espa\u00f1a. Es un compromiso de inversi\u00f3n, calidad y sostenibilidad, contribuyendo desde nuestra posici\u00f3n como empresa l\u00edder a un mundo mejor\u201d.<\/p>\n<p>Por su parte, <strong>Masami Kusano, <\/strong><strong>presidente de Mitsubishi Electric Europe, B.V. Sucursal Espa\u00f1a <\/strong><strong>manifest\u00f3:<\/strong> \u201cHoy ya estamos tomando medidas concretas para crear un futuro m\u00e1s verde. Nuestra declaraci\u00f3n corporativa <strong><em>Cambios para mejorar <\/em><\/strong>supone una apuesta decidida por una sociedad mejor y m\u00e1s sostenible a trav\u00e9s de la innovaci\u00f3n\u201d.<\/p>\n","protected":false},"excerpt":{"rendered":"<p>La firma l\u00edder de Aire Acondicionado en Espa\u00f1a anuncia la integraci\u00f3n de Climaveneta, multinacional TOP3 a nivel global en la gama hidr\u00f3nica, pionera en tecnolog\u00eda y desarrollo de nuevos productos. Durante el evento, celebrado en Madrid, se dieron cita m\u00e1s de 400 empresarios y entidades referentes. Madrid, 21 de febrero de 2020. Mitsubishi Electric, empresa&#8230;  <a href=\"https:\/\/www.mitsubishielectric.es\/aire-acondicionado\/actualidad\/mitsubishi-electric-presenta-su-gama-mas-sostenible\/\" title=\"Leer Mitsubishi Electric presenta su gama m\u00e1s sostenible\">Leer m\u00e1s &raquo;<\/a><\/p>\n","protected":false},"author":2,"featured_media":2965,"comment_status":"closed","ping_status":"closed","sticky":false,"template":"","format":"standard","meta":{"_acf_changed":false,"footnotes":""},"categories":[769],"tags":[],"class_list":["post-2969","post","type-post","status-publish","format-standard","has-post-thumbnail","hentry","category-actualidad"],"acf":[],"_links":{"self":[{"href":"https:\/\/www.mitsubishielectric.es\/aire-acondicionado\/wp-json\/wp\/v2\/posts\/2969","targetHints":{"allow":["GET"]}}],"collection":[{"href":"https:\/\/www.mitsubishielectric.es\/aire-acondicionado\/wp-json\/wp\/v2\/posts"}],"about":[{"href":"https:\/\/www.mitsubishielectric.es\/aire-acondicionado\/wp-json\/wp\/v2\/types\/post"}],"author":[{"embeddable":true,"href":"https:\/\/www.mitsubishielectric.es\/aire-acondicionado\/wp-json\/wp\/v2\/users\/2"}],"replies":[{"embeddable":true,"href":"https:\/\/www.mitsubishielectric.es\/aire-acondicionado\/wp-json\/wp\/v2\/comments?post=2969"}],"version-history":[{"count":0,"href":"https:\/\/www.mitsubishielectric.es\/aire-acondicionado\/wp-json\/wp\/v2\/posts\/2969\/revisions"}],"wp:featuredmedia":[{"embeddable":true,"href":"https:\/\/www.mitsubishielectric.es\/aire-acondicionado\/wp-json\/wp\/v2\/media\/2965"}],"wp:attachment":[{"href":"https:\/\/www.mitsubishielectric.es\/aire-acondicionado\/wp-json\/wp\/v2\/media?parent=2969"}],"wp:term":[{"taxonomy":"category","embeddable":true,"href":"https:\/\/www.mitsubishielectric.es\/aire-acondicionado\/wp-json\/wp\/v2\/categories?post=2969"},{"taxonomy":"post_tag","embeddable":true,"href":"https:\/\/www.mitsubishielectric.es\/aire-acondicionado\/wp-json\/wp\/v2\/tags?post=2969"}],"curies":[{"name":"wp","href":"https:\/\/api.w.org\/{rel}","templated":true}]}}