{"id":4792,"date":"2020-05-11T16:18:13","date_gmt":"2020-05-11T14:18:13","guid":{"rendered":"https:\/\/www.mitsubishielectric.es\/aire-acondicionado\/?p=4792"},"modified":"2025-06-17T16:22:02","modified_gmt":"2025-06-17T14:22:02","slug":"mitsubishi-electric-agradece-a-todos-los-profesionales-su-asistencia-a-los-cursos-de-formacion-en-la-academia-3-diamantes-on-line","status":"publish","type":"post","link":"https:\/\/www.mitsubishielectric.es\/aire-acondicionado\/actualidad\/mitsubishi-electric-agradece-a-todos-los-profesionales-su-asistencia-a-los-cursos-de-formacion-en-la-academia-3-diamantes-on-line\/","title":{"rendered":"Mitsubishi Electric agradece a todos los profesionales su asistencia a los cursos de formaci\u00f3n en la Academia 3 Diamantes on line"},"content":{"rendered":"<ul>\n<li><strong>La firma l\u00edder del sector del <\/strong><strong>Aire Acondicionado y la climatizaci\u00f3n garantiza la continuidad en sus planes de formaci\u00f3n sobre producto, \u00faltimas tecnolog\u00edas y reglamentaci\u00f3n actual. <\/strong><\/li>\n<\/ul>\n<p><strong><u>Madrid, 11 de mayo de 2020<\/u>. <\/strong>Mitsubishi Electric continua su apuesta por la <strong>formaci\u00f3n especializada para los profesionales del clima<\/strong> con la <strong>\u201cAcademia 3 Diamantes\u201d<\/strong>, que mantiene abiertas sus puertas gracias a la apuesta on line de la firma, facilitando el acceso v\u00eda web a todos los programas de formaci\u00f3n con cursos; formaciones sobre producto, \u00faltimas tecnolog\u00edas y reglamentaci\u00f3n.<\/p>\n<p>El Plan de Formaci\u00f3n de la Academia 3 Diamantes, que permite seleccionar el contenido de una forma precisa para asegurar la formaci\u00f3n necesaria y equilibrada de los \u201casistentes\u201d, tiene un especial foco en producto, con atenci\u00f3n espec\u00edfica en Gama residencial y comercial, Aerotermia y Hibrid City Multy.<\/p>\n<p>La formaci\u00f3n, a la cual se puede acceder mediante el registro on line <a href=\"https:\/\/www.mitsubishielectric.es\/aire-acondicionado\/academia-3-diamantes\/\" target=\"_blank\" rel=\"noopener noreferrer\">a trav\u00e9s de su p\u00e1gina web<\/a>, pasar\u00e1 a complementar la formaci\u00f3n presencial de las cinco \u201cAcademias 3 Diamantes\u201d habilitadas en Espa\u00f1a (Madrid, Barcelona, Sevilla, Valencia Bilbao), una vez \u00e9sta asistencia presencial sea posible, guardando todas las medidas sanitarias y de protocolo de seguridad.<\/p>\n<p>Tan s\u00f3lo en su versi\u00f3n on line, y durante el per\u00edodo en el que no ha sido posible impartir formaciones presenciales, m\u00e1s de 2.000 profesionales se han formado en la \u201cAcademia 3 Diamantes\u201d de Mitsubishi Electric, gracias a su amplia oferta de jornadas y seminarios centrados en aquello que es relevante para los profesionales del clima: normativa, regulaci\u00f3n e innovaciones tecnol\u00f3gicas y medio ambientales, entre otros, con m\u00f3dulos de actividades dedicadas a la instalaci\u00f3n, mantenimiento y reparaci\u00f3n, as\u00ed como m\u00f3dulos orientados al dise\u00f1o y al c\u00e1lculo de instalaciones. Y desde la Compa\u00f1\u00eda agradecen a todos ellos su participaci\u00f3n.<\/p>\n<p>La actividad de formaci\u00f3n a trav\u00e9s de la Academia 3 Diamantes supone, por tanto, una clara apuesta desde Mitsubishi Electric por una diferenciaci\u00f3n t\u00e9cnica y de calidad, en aras de la especializaci\u00f3n y la innovaci\u00f3n en el sector de la climatizaci\u00f3n.<\/p>\n<p><strong>Para m\u00e1s informaci\u00f3n y registro: <\/strong><\/p>\n<p><a href=\"https:\/\/www.mitsubishielectric.es\/aire-acondicionado\/academia-3-diamantes\/\" target=\"_blank\" rel=\"noopener noreferrer\"><strong>https:\/\/www.mitsubishielectric.es\/aire-acondicionado\/academia-3-diamantes\/<\/strong><\/a><\/p>\n","protected":false},"excerpt":{"rendered":"<p>La firma l\u00edder del sector del Aire Acondicionado y la climatizaci\u00f3n garantiza la continuidad en sus planes de formaci\u00f3n sobre producto, \u00faltimas tecnolog\u00edas y reglamentaci\u00f3n actual. Madrid, 11 de mayo de 2020. Mitsubishi Electric continua su apuesta por la formaci\u00f3n especializada para los profesionales del clima con la \u201cAcademia 3 Diamantes\u201d, que mantiene abiertas sus&#8230;  <a href=\"https:\/\/www.mitsubishielectric.es\/aire-acondicionado\/actualidad\/mitsubishi-electric-agradece-a-todos-los-profesionales-su-asistencia-a-los-cursos-de-formacion-en-la-academia-3-diamantes-on-line\/\" title=\"Leer Mitsubishi Electric agradece a todos los profesionales su asistencia a los cursos de formaci\u00f3n en la Academia 3 Diamantes on line\">Leer m\u00e1s &raquo;<\/a><\/p>\n","protected":false},"author":2,"featured_media":4791,"comment_status":"closed","ping_status":"closed","sticky":false,"template":"","format":"standard","meta":{"_acf_changed":false,"footnotes":""},"categories":[769],"tags":[],"class_list":["post-4792","post","type-post","status-publish","format-standard","has-post-thumbnail","hentry","category-actualidad"],"acf":[],"_links":{"self":[{"href":"https:\/\/www.mitsubishielectric.es\/aire-acondicionado\/wp-json\/wp\/v2\/posts\/4792","targetHints":{"allow":["GET"]}}],"collection":[{"href":"https:\/\/www.mitsubishielectric.es\/aire-acondicionado\/wp-json\/wp\/v2\/posts"}],"about":[{"href":"https:\/\/www.mitsubishielectric.es\/aire-acondicionado\/wp-json\/wp\/v2\/types\/post"}],"author":[{"embeddable":true,"href":"https:\/\/www.mitsubishielectric.es\/aire-acondicionado\/wp-json\/wp\/v2\/users\/2"}],"replies":[{"embeddable":true,"href":"https:\/\/www.mitsubishielectric.es\/aire-acondicionado\/wp-json\/wp\/v2\/comments?post=4792"}],"version-history":[{"count":0,"href":"https:\/\/www.mitsubishielectric.es\/aire-acondicionado\/wp-json\/wp\/v2\/posts\/4792\/revisions"}],"wp:featuredmedia":[{"embeddable":true,"href":"https:\/\/www.mitsubishielectric.es\/aire-acondicionado\/wp-json\/wp\/v2\/media\/4791"}],"wp:attachment":[{"href":"https:\/\/www.mitsubishielectric.es\/aire-acondicionado\/wp-json\/wp\/v2\/media?parent=4792"}],"wp:term":[{"taxonomy":"category","embeddable":true,"href":"https:\/\/www.mitsubishielectric.es\/aire-acondicionado\/wp-json\/wp\/v2\/categories?post=4792"},{"taxonomy":"post_tag","embeddable":true,"href":"https:\/\/www.mitsubishielectric.es\/aire-acondicionado\/wp-json\/wp\/v2\/tags?post=4792"}],"curies":[{"name":"wp","href":"https:\/\/api.w.org\/{rel}","templated":true}]}}