{"id":49514,"date":"2025-05-06T18:24:48","date_gmt":"2025-05-06T16:24:48","guid":{"rendered":"https:\/\/www.mitsubishielectric.es\/aire-acondicionado\/actualidad\/\/"},"modified":"2025-06-17T16:24:56","modified_gmt":"2025-06-17T14:24:56","slug":"mitsubishi-electric-reafirma-su-compromiso-ambiental-con-una-jornada-de-limpieza-en-el-pantano-de-san-juan","status":"publish","type":"post","link":"https:\/\/www.mitsubishielectric.es\/aire-acondicionado\/actualidad\/mitsubishi-electric-reafirma-su-compromiso-ambiental-con-una-jornada-de-limpieza-en-el-pantano-de-san-juan\/","title":{"rendered":"Mitsubishi Electric reafirma su compromiso ambiental con una jornada de limpieza en el Pantano de San Juan"},"content":{"rendered":"<ul>\n<li aria-level=\"1\"><b>En el marco de su Plan de ESG, Mitsubishi Electric refuerza su pacto con los Objetivos de Desarrollo Sostenible, promoviendo una sociedad mejor<\/b><\/li>\n<li aria-level=\"1\"><b>Los empleados de la compa\u00f1\u00eda han participado, junto a sus familiares, en una iniciativa voluntaria de limpieza de pantanos en Madrid, acci\u00f3n ya realizada anteriormente en la costa catalana<\/b><\/li>\n<\/ul>\n<p><b>Madrid, 6 de mayo de 2025.<\/b><span style=\"font-weight: 400;\"> En su compromiso con la sostenibilidad y la contribuci\u00f3n al medio ambiente, <\/span><a href=\"https:\/\/es.mitsubishielectric.com\/es\/\" target=\"_blank\" rel=\"noopener\"><b>Mitsubishi Electric<\/b><\/a><span style=\"font-weight: 400;\"> ha llevado a cabo una jornada de limpieza y recogida de residuos en el Pantano de San Juan en Madrid. Esta iniciativa se enmarca dentro del Plan ESG de la compa\u00f1\u00eda, cuyo objetivo es seguir contribuyendo a una sociedad mejor y un futuro m\u00e1s sostenible.<\/span><\/p>\n<p><span style=\"font-weight: 400;\">En colaboraci\u00f3n con la Fundaci\u00f3n Ecomar, los trabajadores de la compa\u00f1\u00eda se unieron a la actividad solidaria con el fin de realizar labores de limpieza en el pantano, fomentando as\u00ed la concienciaci\u00f3n sobre la importancia del cuidado ambiental y, en especial, de los ecosistemas acu\u00e1ticos.\u00a0<\/span><\/p>\n<p><span style=\"font-weight: 400;\">Esta acci\u00f3n se suma a otras iniciativas medioambientales llevadas a cabo por la compa\u00f1\u00eda en diferentes puntos de Espa\u00f1a. En la costa catalana, se ha realizado campa\u00f1a de limpieza de playas, contribuyendo a la reducci\u00f3n de pl\u00e1sticos y residuos en el Mediterr\u00e1neo. Asimismo, Mitsubishi Electric ha desarrollado programas de reforestaci\u00f3n en zonas afectadas, como Miraflores de la Sierra en Madrid y Ma\u00e7anet de la Selva en Barcelona, con la plantaci\u00f3n de \u00e1rboles para restaurar el equilibrio ecol\u00f3gico de estas \u00e1reas.<\/span><\/p>\n<p><span style=\"font-weight: 400;\">Estas iniciativas reflejan el compromiso continuo de Mitsubishi Electric con la protecci\u00f3n del medio ambiente y la lucha contra el cambio clim\u00e1tico. &#8220;<\/span><i><span style=\"font-weight: 400;\">Cada acci\u00f3n que tomamos est\u00e1 alineada con nuestra visi\u00f3n de ser una empresa que contribuye positivamente a la sociedad. En Mitsubishi Electric, hemos integrado la sostenibilidad en nuestro ADN corporativo y estamos comprometidos a seguir innovando con tecnolog\u00edas que no solo sean eficientes, sino que tambi\u00e9n ayuden a reducir el impacto ambiental. Con iniciativas como esta, vamos m\u00e1s all\u00e1 de nuestras operaciones diarias y tomamos un papel activo en la protecci\u00f3n de los ecosistemas<\/span><\/i><span style=\"font-weight: 400;\">&#8220;, declaran desde Mitsubishi Electric.\u00a0<\/span><\/p>\n<p><span style=\"font-weight: 400;\">La <\/span><a href=\"https:\/\/www.mitsubishielectric.es\/aire-acondicionado\/sostenibilidad\/\"><b>Declaraci\u00f3n de Sostenibilidad Ambiental 2050<\/b><\/a><span style=\"font-weight: 400;\"> de Mitsubishi Electric destaca su prioridad en la protecci\u00f3n del medio ambiente. Gracias a este compromiso, la compa\u00f1\u00eda ha logrado importantes resultados, como la reducci\u00f3n del uso de materias primas en un 45%, la disminuci\u00f3n de las emisiones de CO2 en un 36% desde 2001, la eliminaci\u00f3n del 100% de residuos de pl\u00e1stico y una reducci\u00f3n del 23% en el consumo de agua en la fabricaci\u00f3n, entre otros logros destacados.<\/span><\/p>\n<p><iframe loading=\"lazy\" title=\"YouTube video player\" src=\"https:\/\/www.youtube.com\/embed\/h_GOK16i94w?si=1s3hBxb7Pw5xWqWi\" width=\"560\" height=\"315\" frameborder=\"0\" allowfullscreen=\"allowfullscreen\"><\/iframe><\/p>\n","protected":false},"excerpt":{"rendered":"<p>En el marco de su Plan de ESG, Mitsubishi Electric refuerza su pacto con los Objetivos de Desarrollo Sostenible, promoviendo una sociedad mejor Los empleados de la compa\u00f1\u00eda han participado, junto a sus familiares, en una iniciativa voluntaria de limpieza de pantanos en Madrid, acci\u00f3n ya realizada anteriormente en la costa catalana Madrid, 6 de&#8230;  <a href=\"https:\/\/www.mitsubishielectric.es\/aire-acondicionado\/actualidad\/mitsubishi-electric-reafirma-su-compromiso-ambiental-con-una-jornada-de-limpieza-en-el-pantano-de-san-juan\/\" title=\"Leer Mitsubishi Electric reafirma su compromiso ambiental con una jornada de limpieza en el Pantano de San Juan\">Leer m\u00e1s &raquo;<\/a><\/p>\n","protected":false},"author":2511,"featured_media":49515,"comment_status":"closed","ping_status":"closed","sticky":false,"template":"","format":"standard","meta":{"_acf_changed":false,"footnotes":""},"categories":[769],"tags":[],"class_list":["post-49514","post","type-post","status-publish","format-standard","has-post-thumbnail","hentry","category-actualidad"],"acf":[],"_links":{"self":[{"href":"https:\/\/www.mitsubishielectric.es\/aire-acondicionado\/wp-json\/wp\/v2\/posts\/49514","targetHints":{"allow":["GET"]}}],"collection":[{"href":"https:\/\/www.mitsubishielectric.es\/aire-acondicionado\/wp-json\/wp\/v2\/posts"}],"about":[{"href":"https:\/\/www.mitsubishielectric.es\/aire-acondicionado\/wp-json\/wp\/v2\/types\/post"}],"author":[{"embeddable":true,"href":"https:\/\/www.mitsubishielectric.es\/aire-acondicionado\/wp-json\/wp\/v2\/users\/2511"}],"replies":[{"embeddable":true,"href":"https:\/\/www.mitsubishielectric.es\/aire-acondicionado\/wp-json\/wp\/v2\/comments?post=49514"}],"version-history":[{"count":0,"href":"https:\/\/www.mitsubishielectric.es\/aire-acondicionado\/wp-json\/wp\/v2\/posts\/49514\/revisions"}],"wp:featuredmedia":[{"embeddable":true,"href":"https:\/\/www.mitsubishielectric.es\/aire-acondicionado\/wp-json\/wp\/v2\/media\/49515"}],"wp:attachment":[{"href":"https:\/\/www.mitsubishielectric.es\/aire-acondicionado\/wp-json\/wp\/v2\/media?parent=49514"}],"wp:term":[{"taxonomy":"category","embeddable":true,"href":"https:\/\/www.mitsubishielectric.es\/aire-acondicionado\/wp-json\/wp\/v2\/categories?post=49514"},{"taxonomy":"post_tag","embeddable":true,"href":"https:\/\/www.mitsubishielectric.es\/aire-acondicionado\/wp-json\/wp\/v2\/tags?post=49514"}],"curies":[{"name":"wp","href":"https:\/\/api.w.org\/{rel}","templated":true}]}}