{"id":52151,"date":"2026-04-23T17:38:33","date_gmt":"2026-04-23T15:38:33","guid":{"rendered":"https:\/\/www.mitsubishielectric.es\/aire-acondicionado\/actualidad\/\/"},"modified":"2026-04-23T17:38:33","modified_gmt":"2026-04-23T15:38:33","slug":"mitsubishi-electric-es-reconocida-en-el-catalogo-de-buenas-practicas-ambientales-2025-de-la-ceoe","status":"publish","type":"post","link":"https:\/\/www.mitsubishielectric.es\/aire-acondicionado\/actualidad\/mitsubishi-electric-es-reconocida-en-el-catalogo-de-buenas-practicas-ambientales-2025-de-la-ceoe\/","title":{"rendered":"Mitsubishi Electric es reconocida en el Cat\u00e1logo de Buenas Pr\u00e1cticas Ambientales 2025 de la CEOE"},"content":{"rendered":"<ul>\n<li aria-level=\"1\"><b>Este cat\u00e1logo pone en valor el esfuerzo continuo de las empresas por avanzar en la transici\u00f3n ecol\u00f3gica y energ\u00e9tica<\/b><\/li>\n<\/ul>\n<p><b>Madrid, 23 de abril de 2026 \u2013 <\/b><a href=\"https:\/\/www.mitsubishielectric.es\/aire-acondicionado\/\"><b>Mitsubishi Electric<\/b><\/a><span style=\"font-weight: 400;\"> ha sido incluida en el Cat\u00e1logo de Buenas Pr\u00e1cticas Ambientales 2025 de las Empresas Espa\u00f1olas, una publicaci\u00f3n impulsada por la Confederaci\u00f3n Espa\u00f1ola de Organizaciones Empresariales (CEOE) que reconoce iniciativas destacadas del tejido empresarial en materia de sostenibilidad.<\/span><\/p>\n<p><span style=\"font-weight: 400;\">Este cat\u00e1logo, que se elabora desde 2022, pone en valor el esfuerzo continuo de las empresas por avanzar en la transici\u00f3n ecol\u00f3gica y energ\u00e9tica, as\u00ed como su contribuci\u00f3n al cumplimiento de los Objetivos de Desarrollo Sostenible (ODS) establecidos en la Agenda 2030.<\/span><\/p>\n<p><span style=\"font-weight: 400;\">La presencia de Mitsubishi Electric en esta publicaci\u00f3n refleja el compromiso de la compa\u00f1\u00eda con el desarrollo de soluciones y pr\u00e1cticas responsables que contribuyan a reducir el impacto ambiental y a promover un modelo empresarial m\u00e1s sostenible. A trav\u00e9s de la innovaci\u00f3n tecnol\u00f3gica y la eficiencia energ\u00e9tica, la empresa impulsa iniciativas alineadas con los principales retos medioambientales actuales.<\/span><\/p>\n<p><span style=\"font-weight: 400;\">En l\u00ednea con su Visi\u00f3n Medioambiental 2050 y su Plan Medioambiental 2025, entre sus iniciativas m\u00e1s recientes destacan las \u201cSoluciones totales relacionadas con el calor\u201d, destinadas a reducir los costes energ\u00e9ticos y acelerar la descarbonizaci\u00f3n, as\u00ed como el uso de la plataforma digital Serendie&#x2122; para optimizar la gesti\u00f3n energ\u00e9tica y el consumo el\u00e9ctrico en distintos sectores, incluido el ferroviario. Adem\u00e1s, la compa\u00f1\u00eda ha logrado avances relevantes en la gesti\u00f3n responsable del agua, con una reducci\u00f3n del 32% del consumo en emplazamientos de alto riesgo desde 2020.<\/span><\/p>\n<p><span style=\"font-weight: 400;\">\u201c<\/span><i><span style=\"font-weight: 400;\">Formar parte del Cat\u00e1logo de Buenas Pr\u00e1cticas Ambientales de la CEOE es un reconocimiento al trabajo que venimos realizando integrando la sostenibilidad en toda nuestra estrategia empresarial. En Mitsubishi Electric seguimos impulsando soluciones tecnol\u00f3gicas orientadas a la eficiencia energ\u00e9tica y la reducci\u00f3n de emisiones, con el objetivo de contribuir activamente a la transici\u00f3n hacia una econom\u00eda m\u00e1s sostenible<\/span><\/i><span style=\"font-weight: 400;\">\u201d.<\/span><\/p>\n<p><span style=\"font-weight: 400;\">La inclusi\u00f3n en este cat\u00e1logo supone un reconocimiento m\u00e1s al trabajo que Mitsubishi Electric desarrolla en materia de sostenibilidad y refuerza su objetivo de seguir contribuyendo activamente a la transformaci\u00f3n hacia una econom\u00eda m\u00e1s verde y responsable. El documento completo puede consultarse a trav\u00e9s del <\/span><a href=\"https:\/\/www.ceoe.es\/es\/publicaciones\/sostenibilidad\/catalogo-buenas-practicas-ambientales-de-las-empresas-espanolas-2025\" target=\"_blank\" rel=\"noopener\"><span style=\"font-weight: 400;\">portal oficial de la CEOE<\/span><\/a><span style=\"font-weight: 400;\">.<\/span><\/p>\n","protected":false},"excerpt":{"rendered":"<p>Este cat\u00e1logo pone en valor el esfuerzo continuo de las empresas por avanzar en la transici\u00f3n ecol\u00f3gica y energ\u00e9tica Madrid, 23 de abril de 2026 \u2013 Mitsubishi Electric ha sido incluida en el Cat\u00e1logo de Buenas Pr\u00e1cticas Ambientales 2025 de las Empresas Espa\u00f1olas, una publicaci\u00f3n impulsada por la Confederaci\u00f3n Espa\u00f1ola de Organizaciones Empresariales (CEOE) que&#8230;  <a href=\"https:\/\/www.mitsubishielectric.es\/aire-acondicionado\/actualidad\/mitsubishi-electric-es-reconocida-en-el-catalogo-de-buenas-practicas-ambientales-2025-de-la-ceoe\/\" title=\"Leer Mitsubishi Electric es reconocida en el Cat\u00e1logo de Buenas Pr\u00e1cticas Ambientales 2025 de la CEOE\">Leer m\u00e1s &raquo;<\/a><\/p>\n","protected":false},"author":2,"featured_media":52152,"comment_status":"closed","ping_status":"closed","sticky":false,"template":"","format":"standard","meta":{"_acf_changed":false,"footnotes":""},"categories":[1,769],"tags":[],"class_list":["post-52151","post","type-post","status-publish","format-standard","has-post-thumbnail","hentry","category-destacada","category-actualidad"],"acf":[],"_links":{"self":[{"href":"https:\/\/www.mitsubishielectric.es\/aire-acondicionado\/wp-json\/wp\/v2\/posts\/52151","targetHints":{"allow":["GET"]}}],"collection":[{"href":"https:\/\/www.mitsubishielectric.es\/aire-acondicionado\/wp-json\/wp\/v2\/posts"}],"about":[{"href":"https:\/\/www.mitsubishielectric.es\/aire-acondicionado\/wp-json\/wp\/v2\/types\/post"}],"author":[{"embeddable":true,"href":"https:\/\/www.mitsubishielectric.es\/aire-acondicionado\/wp-json\/wp\/v2\/users\/2"}],"replies":[{"embeddable":true,"href":"https:\/\/www.mitsubishielectric.es\/aire-acondicionado\/wp-json\/wp\/v2\/comments?post=52151"}],"version-history":[{"count":1,"href":"https:\/\/www.mitsubishielectric.es\/aire-acondicionado\/wp-json\/wp\/v2\/posts\/52151\/revisions"}],"predecessor-version":[{"id":52153,"href":"https:\/\/www.mitsubishielectric.es\/aire-acondicionado\/wp-json\/wp\/v2\/posts\/52151\/revisions\/52153"}],"wp:featuredmedia":[{"embeddable":true,"href":"https:\/\/www.mitsubishielectric.es\/aire-acondicionado\/wp-json\/wp\/v2\/media\/52152"}],"wp:attachment":[{"href":"https:\/\/www.mitsubishielectric.es\/aire-acondicionado\/wp-json\/wp\/v2\/media?parent=52151"}],"wp:term":[{"taxonomy":"category","embeddable":true,"href":"https:\/\/www.mitsubishielectric.es\/aire-acondicionado\/wp-json\/wp\/v2\/categories?post=52151"},{"taxonomy":"post_tag","embeddable":true,"href":"https:\/\/www.mitsubishielectric.es\/aire-acondicionado\/wp-json\/wp\/v2\/tags?post=52151"}],"curies":[{"name":"wp","href":"https:\/\/api.w.org\/{rel}","templated":true}]}}